{"id":95317,"date":"2026-01-30T13:11:07","date_gmt":"2026-01-30T13:11:07","guid":{"rendered":"https:\/\/www.europesays.com\/lt\/95317\/"},"modified":"2026-01-30T13:11:07","modified_gmt":"2026-01-30T13:11:07","slug":"rusijai-atkirtis-is-ukrainos-kazkas-turi-pasakyti-siems-idiotams","status":"publish","type":"post","link":"https:\/\/www.europesays.com\/lt\/95317\/","title":{"rendered":"Rusijai \u2013 atkirtis i\u0161 Ukrainos: ka\u017ekas turi pasakyti \u0161iems idiotams"},"content":{"rendered":"<p>Apie tai platformoje \u201eX\u201c prane\u0161\u0117 Ukrainos u\u017esienio reikal\u0173 ministerijos atstovas Heorhijus Tychyjus.<\/p>\n<p>\u201eRusija paklaus\u0117 JT, ar ji pripa\u017e\u012fsta Donbaso \u201eapsisprendimo teis\u0119\u201c, pana\u0161iai, kaip Grenlandijos atveju. Ka\u017ekas turi pasakyti \u0161iems idiotams, kad JT \u012f \u0161\u012f klausim\u0105 jau atsak\u0117: 2022 m. spal\u012f 143 JT Generalin\u0117s Asambl\u0117jos nariai parei\u0161k\u0117, kad nesutinka su Rusijos \u012fvykdytu neteis\u0117tu \u017eem\u0117s u\u017egrobimu. Bingo: ne\u0161dinkit\u0117s velniop i\u0161 Ukrainos\u201c, \u2013 ra\u0161\u0117 diplomatas.<\/p>\n<p>Kaip prane\u0161\u0117 \u201eUkrinform\u201c, JT generalinis sekretorius Ant\u00f3nio Guterresas atmet\u0117 galimyb\u0119 taikyti Krymui ir Donecko regionui taut\u0173 apsisprendimo teis\u0117s princip\u0105.<\/p>\n","protected":false},"excerpt":{"rendered":"Apie tai platformoje \u201eX\u201c prane\u0161\u0117 Ukrainos u\u017esienio reikal\u0173 ministerijos atstovas Heorhijus Tychyjus. \u201eRusija paklaus\u0117 JT, ar ji pripa\u017e\u012fsta&hellip;\n","protected":false},"author":2,"featured_media":95318,"comment_status":"","ping_status":"","sticky":false,"template":"","format":"standard","meta":{"footnotes":"","_share_on_mastodon":"0"},"categories":[15],"tags":[25,30,31,9603,3346,34,35,24,32,33,37,39,36,38,40,23,22,44,28,29,26,27,360,74,75,76],"class_list":["post-95317","post","type-post","status-publish","format-standard","has-post-thumbnail","category-pasaulis","tag-antrastes","tag-breaking-news","tag-breakingnews","tag-doneckas","tag-elta-uzsienio-naujiena","tag-featured-news","tag-featurednews","tag-headlines","tag-latest-news","tag-latestnews","tag-lietuva","tag-lietuviu","tag-lithuania","tag-lithuanian","tag-lt","tag-naujienos","tag-news","tag-pasaulis","tag-populiariausios-naujienos","tag-populiariausiosnaujienos","tag-top-stories","tag-topstories","tag-ukraina","tag-world","tag-world-news","tag-worldnews"],"share_on_mastodon":{"url":"https:\/\/pubeurope.com\/@lt\/115984222357920968","error":""},"_links":{"self":[{"href":"https:\/\/www.europesays.com\/lt\/wp-json\/wp\/v2\/posts\/95317","targetHints":{"allow":["GET"]}}],"collection":[{"href":"https:\/\/www.europesays.com\/lt\/wp-json\/wp\/v2\/posts"}],"about":[{"href":"https:\/\/www.europesays.com\/lt\/wp-json\/wp\/v2\/types\/post"}],"author":[{"embeddable":true,"href":"https:\/\/www.europesays.com\/lt\/wp-json\/wp\/v2\/users\/2"}],"replies":[{"embeddable":true,"href":"https:\/\/www.europesays.com\/lt\/wp-json\/wp\/v2\/comments?post=95317"}],"version-history":[{"count":0,"href":"https:\/\/www.europesays.com\/lt\/wp-json\/wp\/v2\/posts\/95317\/revisions"}],"wp:featuredmedia":[{"embeddable":true,"href":"https:\/\/www.europesays.com\/lt\/wp-json\/wp\/v2\/media\/95318"}],"wp:attachment":[{"href":"https:\/\/www.europesays.com\/lt\/wp-json\/wp\/v2\/media?parent=95317"}],"wp:term":[{"taxonomy":"category","embeddable":true,"href":"https:\/\/www.europesays.com\/lt\/wp-json\/wp\/v2\/categories?post=95317"},{"taxonomy":"post_tag","embeddable":true,"href":"https:\/\/www.europesays.com\/lt\/wp-json\/wp\/v2\/tags?post=95317"}],"curies":[{"name":"wp","href":"https:\/\/api.w.org\/{rel}","templated":true}]}}