{"id":95485,"date":"2026-01-30T17:11:31","date_gmt":"2026-01-30T17:11:31","guid":{"rendered":"https:\/\/www.europesays.com\/lt\/95485\/"},"modified":"2026-01-30T17:11:31","modified_gmt":"2026-01-30T17:11:31","slug":"kremlius-trumpas-paprase-putino-neatakuoti-kijevo-iki-vasario-1-osios-respublika-lt","status":"publish","type":"post","link":"https:\/\/www.europesays.com\/lt\/95485\/","title":{"rendered":"Kremlius: Trumpas papra\u0161\u0117 Putino neatakuoti Kijevo iki vasario 1-osios &#8211; Respublika.lt"},"content":{"rendered":"<p><img loading=\"lazy\" decoding=\"async\" src=\"https:\/\/www.respublika.lt\/lt\/naujienos\/pasaulis\/pasaulio_politika\/kremlius-trumpas-paprase-putino-neatakuoti-kijevo-iki-vasario-1-osios\/images\/ico_camera_white.gif\" class=\"camera\" width=\"22\" height=\"15\" alt=\"nuotr.\" style=\"position:relative; top:-2px; right:2px;\"\/> 1 nuotr.<\/p>\n<p>Dmitrijus Peskovas ir Vladimiras Putinas. EPA-Eltos nuotr.<\/p>\n<p style=\"text-align: left;\">JAV prezidentas Donaldas Trumpas papra\u0161\u0117 kolegos i\u0161 Rusijos Vladimiro Putino nesmogti Kijevui savait\u0119, iki vasario 1 d., penktadien\u012f prane\u0161\u0117 Kremlius, nenurodydamas, kada \u0161is pra\u0161ymas buvo pateiktas, bet ir u\u017esimindamas, kad Maskva sutiko.<\/p>\n<p style=\"text-align: justify;\" class=\"desktop_banner\">\u00a0<\/p>\n<p style=\"text-align: left;\">\u00a0<\/p>\n<p style=\"text-align: left;\">D. Trumpas anks\u010diau teig\u0117 pateik\u0119s tok\u012f pra\u0161ym\u0105 d\u0117l \u201eekstremalaus \u0161al\u010dio\u201c Ukrainoje, o Kremlius tikino, kad pra\u0161ymas buvo pateiktas siekiant paskatinti derybas.<\/p>\n<p style=\"text-align: left;\">Kada D. Trumpas kreip\u0117si \u012f V. Putin\u0105 nepatikslino nei pats JAV prezidentas, nei Maskva.\u00a0<\/p>\n<p style=\"text-align: left;\">\u201eGaliu pasakyti, kad prezidentas Trumpas i\u0161 ties\u0173 asmeni\u0161kai papra\u0161\u0117 prezidento Putino savait\u0119, iki vasario 1 d., susilaikyti nuo sm\u016bgi\u0173 Kijevui, kad b\u016bt\u0173 sudarytos palankios s\u0105lygos deryboms\u201c, \u2013 sak\u0117 Kremliaus atstovas spaudai Dmitrijus Peskovas.<\/p>\n<p style=\"text-align: left;\">D. Peskovas nemin\u0117jo, kad pra\u0161ymas buvo pateiktas d\u0117l \u0161al\u010dio, ir j\u012f pristat\u0117 kaip siek\u012f paskatinti derybas, JAV dedant pastangas u\u017ebaigti beveik ketverius metus trunkant\u012f kar\u0105.<\/p>\n<p style=\"text-align: left;\">D\u0117l Rusijos sm\u016bgi\u0173 Ukrainos energetikos tinklui t\u016bkstan\u010diai \u017emoni\u0173 Kyjive ne\u012fprastai \u0161alt\u0105 \u017eiem\u0105 liko be \u0161ildymo.<\/p>\n<p style=\"text-align: left;\">Did\u017eiausi \u0161al\u010diai Kijeve numatomi po vasario 1 d., o Ukrainos meteorologijos tarnyba \u012fsp\u0117ja, kad artimiausiomis dienomis temperat\u016bra gali nukristi iki -30 \u00b0C.<\/p>\n<p style=\"text-align: left;\">\u201eA\u0161 asmeni\u0161kai papra\u0161iau prezidento Putino savait\u0119 ne\u0161audyti \u012f Kijev\u0105 ir \u012fvairius miestus\u201c, \u2013 per kabineto pos\u0117d\u012f Baltuosiuose r\u016bmuose ketvirtadien\u012f sak\u0117 D. Trumpas, pridurdamas, kad tai daroma \u201ed\u0117l \u0161al\u010dio, ekstremalaus \u0161al\u010dio\u201c.<\/p>\n<p style=\"text-align: left;\">Kalb\u0117damas apie D. Trumpo pra\u0161ym\u0105, Kremlius visgi min\u0117jo tik Kijev\u0105.<\/p>\n<p style=\"text-align: left;\">\u0160i\u0105 savait\u0119 Ukraina neskelb\u0117 apie \u012fprastomis tapusias dron\u0173 ir raket\u0173 atakas, kokias Rusija vykd\u0117 Ukrainoje per vis\u0105 kar\u0105.<\/p>\n<p style=\"text-align: left;\">Paskutin\u0117 didelio masto Maskvos ataka Kijeve fiksuota nakt\u012f i\u0161 sausio 23 \u012f 24 d.<\/p>\n","protected":false},"excerpt":{"rendered":"1 nuotr. Dmitrijus Peskovas ir Vladimiras Putinas. EPA-Eltos nuotr. JAV prezidentas Donaldas Trumpas papra\u0161\u0117 kolegos i\u0161 Rusijos Vladimiro&hellip;\n","protected":false},"author":2,"featured_media":95486,"comment_status":"","ping_status":"","sticky":false,"template":"","format":"standard","meta":{"footnotes":"","_share_on_mastodon":"0"},"categories":[6],"tags":[25,927,30,31,34,35,24,6289,32,33,37,39,36,38,40,23,22,4376,28,29,2370,119,26,27,1270,360],"class_list":["post-95485","post","type-post","status-publish","format-standard","has-post-thumbnail","category-antrastes","tag-antrastes","tag-atakos","tag-breaking-news","tag-breakingnews","tag-featured-news","tag-featurednews","tag-headlines","tag-kijevas","tag-latest-news","tag-latestnews","tag-lietuva","tag-lietuviu","tag-lithuania","tag-lithuanian","tag-lt","tag-naujienos","tag-news","tag-peskovas","tag-populiariausios-naujienos","tag-populiariausiosnaujienos","tag-putinas","tag-rusija","tag-top-stories","tag-topstories","tag-trumpas","tag-ukraina"],"share_on_mastodon":{"url":"https:\/\/pubeurope.com\/@lt\/115985166018311322","error":""},"_links":{"self":[{"href":"https:\/\/www.europesays.com\/lt\/wp-json\/wp\/v2\/posts\/95485","targetHints":{"allow":["GET"]}}],"collection":[{"href":"https:\/\/www.europesays.com\/lt\/wp-json\/wp\/v2\/posts"}],"about":[{"href":"https:\/\/www.europesays.com\/lt\/wp-json\/wp\/v2\/types\/post"}],"author":[{"embeddable":true,"href":"https:\/\/www.europesays.com\/lt\/wp-json\/wp\/v2\/users\/2"}],"replies":[{"embeddable":true,"href":"https:\/\/www.europesays.com\/lt\/wp-json\/wp\/v2\/comments?post=95485"}],"version-history":[{"count":0,"href":"https:\/\/www.europesays.com\/lt\/wp-json\/wp\/v2\/posts\/95485\/revisions"}],"wp:featuredmedia":[{"embeddable":true,"href":"https:\/\/www.europesays.com\/lt\/wp-json\/wp\/v2\/media\/95486"}],"wp:attachment":[{"href":"https:\/\/www.europesays.com\/lt\/wp-json\/wp\/v2\/media?parent=95485"}],"wp:term":[{"taxonomy":"category","embeddable":true,"href":"https:\/\/www.europesays.com\/lt\/wp-json\/wp\/v2\/categories?post=95485"},{"taxonomy":"post_tag","embeddable":true,"href":"https:\/\/www.europesays.com\/lt\/wp-json\/wp\/v2\/tags?post=95485"}],"curies":[{"name":"wp","href":"https:\/\/api.w.org\/{rel}","templated":true}]}}