{"id":95503,"date":"2026-01-30T18:03:55","date_gmt":"2026-01-30T18:03:55","guid":{"rendered":"https:\/\/www.europesays.com\/lt\/95503\/"},"modified":"2026-01-30T18:03:55","modified_gmt":"2026-01-30T18:03:55","slug":"izraelio-kariuomene-pateike-skaicius-kiek-palestinieciu-zuvo-per-gazos-kara","status":"publish","type":"post","link":"https:\/\/www.europesays.com\/lt\/95503\/","title":{"rendered":"Izraelio kariuomen\u0117 pateik\u0117 skai\u010dius, kiek palestinie\u010di\u0173 \u017euvo per Gazos kar\u0105"},"content":{"rendered":"<p>Iki \u0161iol Izraelis rei\u0161k\u0117 abejones d\u0117l tenyk\u0161\u010di\u0173 sveikatos tarnybos pateikiamo auk\u0173 skai\u010diaus. \u017dini\u0173 portalas \u201eYnet\u201c ir kitos lyderiaujan\u010dios Izraelio \u017einiasklaidos priemon\u0117s, remdamosi auk\u0161tais kariniais atstovais, penktadien\u012f ra\u0161\u0117, kad kariuomen\u0117 dabar pana\u0161iai vertina \u017euvusi\u0173j\u0173 skai\u010di\u0173. Jungtin\u0117s Tautos sveikatos tarnyb\u0173 Gazos Ruo\u017ee skelbiamus auk\u0173 skai\u010dius jau seniai laiko patikimais, prane\u0161a agent\u016bra \u201eReuters\u201c.<\/p>\n<p>\u201eRemiantis m\u016bs\u0173 vertinimu, per kar\u0105 \u017euvo apie 70\u00a0t\u016bkst. Gazos Ruo\u017eo gyventoj\u0173, \u2013 \u201eYnet\u201c citavo karin\u012f atstov\u0105. \u2013 \u0160iuo metu siekiame atskirti teroristus nuo nekalt\u0173 \u017emoni\u0173\u201c. Vis d\u0117lto Izraelio kariuomen\u0117, papra\u0161yta komentaro, nurod\u0117, kad paskelbta informacija neatspindi oficiali\u0173 duomen\u0173. Bet kokie parei\u0161kimai \u0161ia tema es\u0105 bus skelbiami oficialiais kanalais.<\/p>\n<p>Gazos Ruo\u017eo sveikatos ministerijos duomenimis, \u017euvusi\u0173j\u0173 jau yra daugiau kaip 71 t\u016bkst. Sp\u0117jama, kad dar t\u016bkstan\u010diai k\u016bn\u0173 guli po sunaikint\u0173 miest\u0173 griuv\u0117siais. Ta\u010diau palestinie\u010di\u0173 ministerija neskirsto auk\u0173 \u012f civilius ir kovotojus.<\/p>\n<p>Kar\u0105 suk\u0117l\u0117 netik\u0117tas \u201e<a rel=\"noopener nofollow\" target=\"_blank\" href=\"https:\/\/www.delfi.lt\/temos\/hamas\" tag-id=\"52951645\">Hamas<\/a>\u201c i\u0161puolis prie\u0161 Izrael\u012f 2023 m. spalio 7 d., \u012f kur\u012f Izraelio paj\u0117gos reagavo plataus masto puolimu. Per \u201eHamas\u201c atak\u0105, Izraelio duomenimis, \u017euvo apie 1,2 t\u016bkst. \u017emoni\u0173, dauguma j\u0173 \u2013 civiliai. 251 asmuo buvo paimtas \u012fkaitais. Visi \u012fkaitai, \u012fskaitant negyvus, jau gr\u0105\u017einti Izraeliui. Izraelio duomenimis, per kar\u0105 \u017euvo daugiau kaip 470 Izraelio kareivi\u0173.<\/p>\n","protected":false},"excerpt":{"rendered":"Iki \u0161iol Izraelis rei\u0161k\u0117 abejones d\u0117l tenyk\u0161\u010di\u0173 sveikatos tarnybos pateikiamo auk\u0173 skai\u010diaus. \u017dini\u0173 portalas \u201eYnet\u201c ir kitos lyderiaujan\u010dios&hellip;\n","protected":false},"author":2,"featured_media":92129,"comment_status":"","ping_status":"","sticky":false,"template":"","format":"standard","meta":{"footnotes":"","_share_on_mastodon":"0"},"categories":[15],"tags":[25,30,31,3346,34,35,702,805,24,11835,32,33,37,39,36,38,40,23,22,44,28,29,26,27,74,75,76],"class_list":["post-95503","post","type-post","status-publish","format-standard","has-post-thumbnail","category-pasaulis","tag-antrastes","tag-breaking-news","tag-breakingnews","tag-elta-uzsienio-naujiena","tag-featured-news","tag-featurednews","tag-gazos-ruozas","tag-hamas","tag-headlines","tag-izraelio-kariuomene","tag-latest-news","tag-latestnews","tag-lietuva","tag-lietuviu","tag-lithuania","tag-lithuanian","tag-lt","tag-naujienos","tag-news","tag-pasaulis","tag-populiariausios-naujienos","tag-populiariausiosnaujienos","tag-top-stories","tag-topstories","tag-world","tag-world-news","tag-worldnews"],"share_on_mastodon":{"url":"https:\/\/pubeurope.com\/@lt\/115985374425067584","error":""},"_links":{"self":[{"href":"https:\/\/www.europesays.com\/lt\/wp-json\/wp\/v2\/posts\/95503","targetHints":{"allow":["GET"]}}],"collection":[{"href":"https:\/\/www.europesays.com\/lt\/wp-json\/wp\/v2\/posts"}],"about":[{"href":"https:\/\/www.europesays.com\/lt\/wp-json\/wp\/v2\/types\/post"}],"author":[{"embeddable":true,"href":"https:\/\/www.europesays.com\/lt\/wp-json\/wp\/v2\/users\/2"}],"replies":[{"embeddable":true,"href":"https:\/\/www.europesays.com\/lt\/wp-json\/wp\/v2\/comments?post=95503"}],"version-history":[{"count":0,"href":"https:\/\/www.europesays.com\/lt\/wp-json\/wp\/v2\/posts\/95503\/revisions"}],"wp:featuredmedia":[{"embeddable":true,"href":"https:\/\/www.europesays.com\/lt\/wp-json\/wp\/v2\/media\/92129"}],"wp:attachment":[{"href":"https:\/\/www.europesays.com\/lt\/wp-json\/wp\/v2\/media?parent=95503"}],"wp:term":[{"taxonomy":"category","embeddable":true,"href":"https:\/\/www.europesays.com\/lt\/wp-json\/wp\/v2\/categories?post=95503"},{"taxonomy":"post_tag","embeddable":true,"href":"https:\/\/www.europesays.com\/lt\/wp-json\/wp\/v2\/tags?post=95503"}],"curies":[{"name":"wp","href":"https:\/\/api.w.org\/{rel}","templated":true}]}}