{"id":96076,"date":"2026-01-31T15:32:10","date_gmt":"2026-01-31T15:32:10","guid":{"rendered":"https:\/\/www.europesays.com\/lt\/96076\/"},"modified":"2026-01-31T15:32:10","modified_gmt":"2026-01-31T15:32:10","slug":"gazos-civiline-gynyba-izraelio-smugiai-prazude-22-zmones","status":"publish","type":"post","link":"https:\/\/www.europesays.com\/lt\/96076\/","title":{"rendered":"Gazos civilin\u0117 gynyba: Izraelio sm\u016bgiai pra\u017eud\u0117 22 \u017emones"},"content":{"rendered":"<p>Nepaisant to, kad JAV tarpininkaujamos paliaubos \u0161\u012f m\u0117nes\u012f, kaip teigiama, \u012f\u017eeng\u0117 \u012f antr\u0105j\u012f etap\u0105, smurtas palestinie\u010di\u0173 teritorijoje nesiliauja, Izraeliui ir \u201e<a rel=\"noopener nofollow\" target=\"_blank\" href=\"https:\/\/www.delfi.lt\/temos\/hamas\" tag-id=\"52951645\">Hamas<\/a>\u201c kaltinant vienas kit\u0105 paliaub\u0173 susitarimo pa\u017eeidimais.<\/p>\n<p>Pastarieji sm\u016bgiai \u012fvyko po Izraelio prane\u0161im\u0173 apie planus sekmadien\u012f atidaryti svarb\u0173 Rafacho per\u0117jos punkt\u0105 tarp Gazos ir Egipto. Tai buvo vienas pagrindini\u0173 humanitarini\u0173 organizacij\u0173 reikalavim\u0173 Tel Avivui.<\/p>\n<p>\u201eNuo \u0161e\u0161tadienio au\u0161ros po Izraelio oro sm\u016bgi\u0173 Gazos Ruo\u017ee \u017euvo 22 \u017emon\u0117s, daugiausia moterys ir vaikai, o kiti vis dar lieka \u012fstrig\u0119 po griuv\u0117siais\u201c, \u2013 prane\u0161a civilin\u0117s gynybos agent\u016bra, kuri yra grupuotei \u201eHamas\u201c pavaldi gelb\u0117jimo tarnyba.<\/p>\n<p>\u201eBuvo smogta \u012f gyvenamuosius namus, palapines, prieglaudas ir policijos nuovad\u0105, b\u016btent tai suk\u0117l\u0117 \u0161i\u0105 humanitarin\u0119 katastrof\u0105\u201c, \u2013 parei\u0161kime teig\u0117 agent\u016bros atstovas Mahmudas Bassalas.<\/p>\n<p>Vienas sm\u016bgis pataik\u0117 \u012f policijos nuovad\u0105 \u0160eicho Radvano rajone Gazos mieste, did\u017eiausiame teritorijos urbanistiniame centre.<\/p>\n<p>Gazos policijos generalinis direktoratas prane\u0161\u0117, kad per \u0161i\u0105 atak\u0105 \u017euvo septyni \u017emon\u0117s.<\/p>\n<p>\u201eTarp \u017euvusi\u0173j\u0173 buvo policijos pareig\u016bn\u0173 ir personalo, taip pat civili\u0173, kurie sm\u016bgio metu buvo nuovadoje tolesniam j\u0173 bylu tyrimui\u201c, \u2013 teigiama direktorato prane\u0161ime.<\/p>\n<p>Per kit\u0105 atak\u0105 Izraelio paj\u0117gos smog\u0117 prieglobs\u010dio centrui Al Mavasyje, pietin\u0117je Gazos Ruo\u017eo dalyje, kur de\u0161imtys t\u016bkstan\u010di\u0173 pab\u0117g\u0117li\u0173 pasistat\u0117 palapines ir laikinas pastoges, prane\u0161\u0117 naujien\u0173 agent\u016bros AFP \u017eurnalistas.<\/p>\n<p>\u0160ios atakos auk\u0173 skai\u010dius kol kas n\u0117ra \u017einomas.<\/p>\n<p>Nors nuo spalio 10 d., kai buvo paskelbtos paliaubos, Gazos Ruo\u017ee beveik kasdien \u017e\u016bsta \u017emon\u0117s, o \u0161e\u0161tadienio aukos skai\u010dius buvo ypa\u010d didelis.<\/p>\n<p>Paliaub\u0173 susitarimo pa\u017eeidimai<\/p>\n<p>\u0160altinis Izraelio kariuomen\u0117je naujien\u0173 agent\u016brai AFP ai\u0161kino, kad \u201ereaguojant \u012f akivaizd\u017eius paliaub\u0173 susitarimo pa\u017eeidimus \u201eHamas\u201c pus\u0117je, nakt\u012f buvo surengti keli oro sm\u016bgiai\u201c.<\/p>\n<p>I\u0161samesni\u0173 duomen\u0173 apie sm\u016bgius \u0161altinis nepateik\u0117.<\/p>\n<p>Gazos sveikatos apsaugos ministerijos generalinis direktorius Muniras al Barshas AFP sak\u0117, kad po \u0161e\u0161tadienio prane\u0161im\u0173 apie 11 auk\u0173 \u201ed\u0117l okupacin\u0117s vald\u017eios sm\u016bgi\u0173, nukreipt\u0173 prie\u0161 civilius palapin\u0117se ir butuose\u201c Gazos mieste ir pietiniame Kan Juniso mieste \u017euvo dar 11 \u017emoni\u0173, 20 buvo su\u017eeista.<\/p>\n<p>\u201e(Izraelis \u2013 ELTA) toliau rimtai pa\u017eeidin\u0117ja paliaub\u0173 susitarim\u0105, esant dideliam medicinos priemoni\u0173, vaist\u0173 ir medicinos \u012frangos tr\u016bkumui\u201c, \u2013 prid\u016br\u0117 jis.<\/p>\n<p>Grupuotei \u201eHamas\u201c pavaldi Sveikatos apsaugos ministerija teig\u0117, kad nuo paliaub\u0173 \u012fsigaliojimo Izraelio atakos Gazos Ruo\u017ee nusine\u0161\u0117 ma\u017eiausiai 509 \u017emoni\u0173 gyvybes.<\/p>\n<p>Izraelio kariuomen\u0117 tvirtina, kad per t\u0105 pat\u012f laikotarp\u012f d\u0117l \u012ftariam\u0173 karini\u0173 grupuo\u010di\u0173 atak\u0173 Gazoje \u017euvo keturi jos kariai.<\/p>\n<p>D\u0117l ribot\u0173 galimybi\u0173 \u017einiasklaidos atstovams patekti \u012f Gazos Ruo\u017e\u0105 AFP negal\u0117jo nepriklausomai patikrinti auk\u0173 skai\u010diaus ir nevar\u017eomai informuoti apie visus smurto protr\u016bkius.<\/p>\n<p>Tuo metu Izraelis parei\u0161k\u0117, kad sekmadien\u012f atidaromas Rafacho per\u0117jos punktas bus skirtas tik \u201eribotam \u017emoni\u0173 jud\u0117jimui\u201c.<\/p>\n<p>Sienos per\u0117jimo punkto atidarymas yra vienas pagrindini\u0173 paliaub\u0173 Gazos Ruo\u017ee susitarimo antrojo etapo punkt\u0173.<\/p>\n<p>Izraelis anks\u010diau parei\u0161k\u0117 neketinantis atidaryti sienos per\u0117jimo punkto tol, kol negaus paskutiniojo \u012fkaito Gazoje Rano Gvili palaik\u0173. R. Gvili palaikai buvo rasti \u0161i\u0105 savait\u0119 ir tre\u010diadien\u012f palaidoti Izraelyje.<\/p>\n<p>Karas Gazos Ruo\u017ee prasid\u0117jo po 2023 m. spalio 7 d. \u201eHamas\u201c i\u0161puolio prie\u0161 Izrael\u012f. Per \u0161\u012f i\u0161puol\u012f, remiantis oficialiais Izraelio duomenimis gr\u012fstais AFP skai\u010diavimais, \u017euvo 1 221 \u017emogus.<\/p>\n<p>Izraelio atsakas nuniokojo did\u017ei\u0105j\u0105 dal\u012f Gazos Ruo\u017eo, kuris jau buvo nukent\u0117j\u0119s nuo ankstesni\u0173 karo veiksm\u0173 ir Izraelio 2007 m. \u012fvestos blokados.<\/p>\n<p>Dvej\u0173 met\u0173 karas Gazos ruo\u017ee nusine\u0161\u0117 ma\u017eiausiai 71 769 \u017emoni\u0173 gyvybes, rodo sveikatos ministerijos duomenys, kuriuos Jungtin\u0117s Tautos (JT) laiko patikimais.<\/p>\n","protected":false},"excerpt":{"rendered":"Nepaisant to, kad JAV tarpininkaujamos paliaubos \u0161\u012f m\u0117nes\u012f, kaip teigiama, \u012f\u017eeng\u0117 \u012f antr\u0105j\u012f etap\u0105, smurtas palestinie\u010di\u0173 teritorijoje nesiliauja,&hellip;\n","protected":false},"author":2,"featured_media":96077,"comment_status":"","ping_status":"","sticky":false,"template":"","format":"standard","meta":{"footnotes":"","_share_on_mastodon":"0"},"categories":[15],"tags":[25,30,31,3346,34,35,702,805,24,32,33,37,39,36,38,40,23,22,44,28,29,26,27,74,75,76],"class_list":["post-96076","post","type-post","status-publish","format-standard","has-post-thumbnail","category-pasaulis","tag-antrastes","tag-breaking-news","tag-breakingnews","tag-elta-uzsienio-naujiena","tag-featured-news","tag-featurednews","tag-gazos-ruozas","tag-hamas","tag-headlines","tag-latest-news","tag-latestnews","tag-lietuva","tag-lietuviu","tag-lithuania","tag-lithuanian","tag-lt","tag-naujienos","tag-news","tag-pasaulis","tag-populiariausios-naujienos","tag-populiariausiosnaujienos","tag-top-stories","tag-topstories","tag-world","tag-world-news","tag-worldnews"],"share_on_mastodon":{"url":"https:\/\/pubeurope.com\/@lt\/115990439091954193","error":""},"_links":{"self":[{"href":"https:\/\/www.europesays.com\/lt\/wp-json\/wp\/v2\/posts\/96076","targetHints":{"allow":["GET"]}}],"collection":[{"href":"https:\/\/www.europesays.com\/lt\/wp-json\/wp\/v2\/posts"}],"about":[{"href":"https:\/\/www.europesays.com\/lt\/wp-json\/wp\/v2\/types\/post"}],"author":[{"embeddable":true,"href":"https:\/\/www.europesays.com\/lt\/wp-json\/wp\/v2\/users\/2"}],"replies":[{"embeddable":true,"href":"https:\/\/www.europesays.com\/lt\/wp-json\/wp\/v2\/comments?post=96076"}],"version-history":[{"count":0,"href":"https:\/\/www.europesays.com\/lt\/wp-json\/wp\/v2\/posts\/96076\/revisions"}],"wp:featuredmedia":[{"embeddable":true,"href":"https:\/\/www.europesays.com\/lt\/wp-json\/wp\/v2\/media\/96077"}],"wp:attachment":[{"href":"https:\/\/www.europesays.com\/lt\/wp-json\/wp\/v2\/media?parent=96076"}],"wp:term":[{"taxonomy":"category","embeddable":true,"href":"https:\/\/www.europesays.com\/lt\/wp-json\/wp\/v2\/categories?post=96076"},{"taxonomy":"post_tag","embeddable":true,"href":"https:\/\/www.europesays.com\/lt\/wp-json\/wp\/v2\/tags?post=96076"}],"curies":[{"name":"wp","href":"https:\/\/api.w.org\/{rel}","templated":true}]}}