{"id":96230,"date":"2026-01-31T20:26:14","date_gmt":"2026-01-31T20:26:14","guid":{"rendered":"https:\/\/www.europesays.com\/lt\/96230\/"},"modified":"2026-01-31T20:26:14","modified_gmt":"2026-01-31T20:26:14","slug":"portugalija-rengiasi-naujoms-liutims-delfi","status":"publish","type":"post","link":"https:\/\/www.europesays.com\/lt\/96230\/","title":{"rendered":"Portugalija rengiasi naujoms li\u016btims &#8211; Delfi"},"content":{"rendered":"<p>Nacionalin\u0117 meteorologijos agent\u016bra IPMA visoje \u017eemynin\u0117je Portugalijos dalyje iki pirmadienio paskelb\u0117 pavoj\u0173 d\u0117l smarkaus lietaus, kur\u012f lyd\u0117s v\u0117jas, sieksiantis iki 100 km per valand\u0105 greit\u012f.<\/p>\n<p>Kadangi up\u0117s jau patvinusios, o dirvo\u017eemis \u2013 permerktas vandens, Portugalijos civilin\u0117s saugos tarnyba \u012fsp\u0117jo, kad nauji krituliai gali sukelti staigius potvynius miestuose, taip pat nuo\u0161liau\u017eas ir akmen\u0173 gri\u016btis.<\/p>\n<p>Pareig\u016bnai ragino gyventojus pritvirtinti palaidus daiktus, vengti riziking\u0173 j\u016bros bei upi\u0173 pakran\u010di\u0173 teritorij\u0173 ir atsargiai vairuoti.<\/p>\n<p>Audros \u201eKristin\u201c uraganiniai v\u0117jai nakt\u012f \u012f tre\u010diadien\u012f smog\u0117 centrinei ir \u0161iaurinei Portugalijos daliai, sukeldami potvynius, padarydami materialin\u0117s \u017ealos ir sutrikdydami keliones. Be to, visoje Portugalijoje jie nuvert\u0117 apie 5 800 med\u017ei\u0173.<\/p>\n<p>       <img decoding=\"async\" src=\"https:\/\/www.europesays.com\/lt\/wp-content\/uploads\/2026\/01\/b1f63e4e-5dca-4de7-b8b7-a66f3e396402.jpg\" loading=\"lazy\" alt=\"Portugalija ruo\u0161iasi naujoms li\u016btims\"\/>      <\/p>\n<p>Gelb\u0117jimo tarnybos prane\u0161\u0117, kad po audros teko gelb\u0117ti 34 \u017emones sausumoje ir 17 \u2013 vandenyje.<\/p>\n<p>\u0160e\u0161tadienio popiet\u0119 elektros energijos vis dar netur\u0117jo apie 198 t\u016bkst. vartotoj\u0173, daugiausia centrin\u0117s Portugalijos dalies Leirijos rajone, prane\u0161\u0117 elektros bendrov\u0117 \u201eE-Redes\u201c.<\/p>\n<p>    <img decoding=\"async\" src=\"https:\/\/www.europesays.com\/lt\/wp-content\/uploads\/2026\/01\/e62a4756-386c-4367-8bcb-4008c334af78.jpg\" loading=\"lazy\" alt=\"Portugalija ruo\u0161iasi naujoms li\u016btims\"\/>    <\/p>\n<p>Netoli Leirijos esan\u010diame Bataljos mieste \u0161e\u0161tadien\u012f \u017euvo 73 met\u0173 vyras, nukrit\u0119s nuo stogo, kai keit\u0117 \u010derpes, prane\u0161\u0117 vietos pareig\u016bnai.<\/p>\n<p>Leirijos meras Goncalo Lopesas papra\u0161\u0117 savanori\u0173 pad\u0117ti suremontuoti sugadintus stogus prie\u0161 sekmadien\u012f prasid\u0117siant\u012f liet\u0173.<\/p>\n","protected":false},"excerpt":{"rendered":"Nacionalin\u0117 meteorologijos agent\u016bra IPMA visoje \u017eemynin\u0117je Portugalijos dalyje iki pirmadienio paskelb\u0117 pavoj\u0173 d\u0117l smarkaus lietaus, kur\u012f lyd\u0117s v\u0117jas,&hellip;\n","protected":false},"author":2,"featured_media":96231,"comment_status":"","ping_status":"","sticky":false,"template":"","format":"standard","meta":{"footnotes":"","_share_on_mastodon":"0"},"categories":[15],"tags":[25,30,31,34,35,24,32,33,37,39,36,38,966,40,23,22,44,28,29,3834,26,27,74,75,76],"class_list":["post-96230","post","type-post","status-publish","format-standard","has-post-thumbnail","category-pasaulis","tag-antrastes","tag-breaking-news","tag-breakingnews","tag-featured-news","tag-featurednews","tag-headlines","tag-latest-news","tag-latestnews","tag-lietuva","tag-lietuviu","tag-lithuania","tag-lithuanian","tag-liutys","tag-lt","tag-naujienos","tag-news","tag-pasaulis","tag-populiariausios-naujienos","tag-populiariausiosnaujienos","tag-portugalija","tag-top-stories","tag-topstories","tag-world","tag-world-news","tag-worldnews"],"share_on_mastodon":{"url":"https:\/\/pubeurope.com\/@lt\/115991595295781025","error":""},"_links":{"self":[{"href":"https:\/\/www.europesays.com\/lt\/wp-json\/wp\/v2\/posts\/96230","targetHints":{"allow":["GET"]}}],"collection":[{"href":"https:\/\/www.europesays.com\/lt\/wp-json\/wp\/v2\/posts"}],"about":[{"href":"https:\/\/www.europesays.com\/lt\/wp-json\/wp\/v2\/types\/post"}],"author":[{"embeddable":true,"href":"https:\/\/www.europesays.com\/lt\/wp-json\/wp\/v2\/users\/2"}],"replies":[{"embeddable":true,"href":"https:\/\/www.europesays.com\/lt\/wp-json\/wp\/v2\/comments?post=96230"}],"version-history":[{"count":0,"href":"https:\/\/www.europesays.com\/lt\/wp-json\/wp\/v2\/posts\/96230\/revisions"}],"wp:featuredmedia":[{"embeddable":true,"href":"https:\/\/www.europesays.com\/lt\/wp-json\/wp\/v2\/media\/96231"}],"wp:attachment":[{"href":"https:\/\/www.europesays.com\/lt\/wp-json\/wp\/v2\/media?parent=96230"}],"wp:term":[{"taxonomy":"category","embeddable":true,"href":"https:\/\/www.europesays.com\/lt\/wp-json\/wp\/v2\/categories?post=96230"},{"taxonomy":"post_tag","embeddable":true,"href":"https:\/\/www.europesays.com\/lt\/wp-json\/wp\/v2\/tags?post=96230"}],"curies":[{"name":"wp","href":"https:\/\/api.w.org\/{rel}","templated":true}]}}