{"id":96689,"date":"2026-02-01T15:05:50","date_gmt":"2026-02-01T15:05:50","guid":{"rendered":"https:\/\/www.europesays.com\/lt\/96689\/"},"modified":"2026-02-01T15:05:50","modified_gmt":"2026-02-01T15:05:50","slug":"paskelbtas-daugiausia-mokesciu-lietuvoje-sumokejusiu-imoniu-2025-metais-desimtukas","status":"publish","type":"post","link":"https:\/\/www.europesays.com\/lt\/96689\/","title":{"rendered":"Paskelbtas daugiausia mokes\u010di\u0173 Lietuvoje sumok\u0117jusi\u0173 \u012fmoni\u0173 2025 metais de\u0161imtukas"},"content":{"rendered":"<p>Kaip rodo Valstybin\u0117s mokes\u010di\u0173 inspekcijos duomenys (<a rel=\"noopener nofollow\" target=\"_blank\" href=\"https:\/\/www.delfi.lt\/temos\/vmi\" tag-id=\"40278623\">VMI<\/a>), \u201eOrlen Lietuva\u201c \u012f valstyb\u0117s biud\u017eet\u0105 pernai sumok\u0117jo beveik 21 proc. (107,3 mln. eur\u0173) ma\u017eiau mokes\u010di\u0173 nei u\u017epernai, o antroje vietoje \u0161iemet besirikiuojanti \u201eCircle K\u201c per metus sumok\u0117jo 82 mln. eur\u0173 arba 28 proc. <a rel=\"noopener nofollow\" target=\"_blank\" href=\"https:\/\/www.delfi.lt\/temos\/mokesciai\" tag-id=\"40144469\">mokes\u010di\u0173<\/a> daugiau (2024 m. \u2013 293 mln. eur\u0173).<\/p>\n<p>\u0160ie duomenys pateikiami \u012fskaitant mokes\u010dius i\u0161 akciz\u0173 ir PVM.<\/p>\n<p>Pagal \u0161\u012f rodikl\u012f \u012f did\u017eiausi\u0173 mokes\u010di\u0173 mok\u0117toj\u0173 penketuk\u0105 taip pat \u012feina naftos produkt\u0173 pardav\u0117ja \u201eOkseta\u201c, sumok\u0117jusi 356,7 mln. eur\u0173, taip pat \u2013 kaitinamojo tabako ir jo produkt\u0173 gamintoja \u201ePhilip Morris Baltic\u201c (288,6 mln. eur\u0173), valstybin\u0117 suskystint\u0173j\u0173 gamtini\u0173 duj\u0173 (SGD) terminal\u0173 operator\u0117 \u201eKN Energies\u201c (287,4 mln.)<\/p>\n<p>\u0160e\u0161toje vietoje \u2013 didmenin\u0117s prekybos tinkl\u0105 \u201ePromo Cash&amp;Carry\u201c valdanti \u201eSanitex\u201c grup\u0117 (250,1 mln.), septintoje \u2013 verslininkui Nerijui Numai i\u0161 dalies priklausan\u010dios \u201eVilniaus prekybos\u201c valdomas prekybos tinklas \u201eMaxima LT\u201c (182,46 mln.), a\u0161tuntoje \u2013 \u201eMV Group\u201c alkoholio prekybinink\u0117 \u201eMV GROUP Distribution LT\u201c (166,3 mln. eur\u0173).<\/p>\n<p>Devintoje vietoje \u2013 Vokietijos prekybos tinklo \u012fmon\u0117 \u0161alyje \u201eLidl Lietuva\u201c (150,7 mln.), de\u0161imtuk\u0105 u\u017edaro bankas \u201eSwedbank\u201c, pernai \u012f biud\u017eet\u0105 sumok\u0117j\u0119s 139,57 mln. eur\u0173.<\/p>\n","protected":false},"excerpt":{"rendered":"Kaip rodo Valstybin\u0117s mokes\u010di\u0173 inspekcijos duomenys (VMI), \u201eOrlen Lietuva\u201c \u012f valstyb\u0117s biud\u017eet\u0105 pernai sumok\u0117jo beveik 21 proc. (107,3&hellip;\n","protected":false},"author":2,"featured_media":96690,"comment_status":"","ping_status":"","sticky":false,"template":"","format":"standard","meta":{"footnotes":"","_share_on_mastodon":"0"},"categories":[17],"tags":[81,9780,37,39,36,38,40,3172,2158,46,1572],"class_list":["post-96689","post","type-post","status-publish","format-standard","has-post-thumbnail","category-verslas","tag-business","tag-circle-k","tag-lietuva","tag-lietuviu","tag-lithuania","tag-lithuanian","tag-lt","tag-mokesciai","tag-orlen-lietuva","tag-verslas","tag-vmi"],"share_on_mastodon":{"url":"https:\/\/pubeurope.com\/@lt\/115995999052697372","error":""},"_links":{"self":[{"href":"https:\/\/www.europesays.com\/lt\/wp-json\/wp\/v2\/posts\/96689","targetHints":{"allow":["GET"]}}],"collection":[{"href":"https:\/\/www.europesays.com\/lt\/wp-json\/wp\/v2\/posts"}],"about":[{"href":"https:\/\/www.europesays.com\/lt\/wp-json\/wp\/v2\/types\/post"}],"author":[{"embeddable":true,"href":"https:\/\/www.europesays.com\/lt\/wp-json\/wp\/v2\/users\/2"}],"replies":[{"embeddable":true,"href":"https:\/\/www.europesays.com\/lt\/wp-json\/wp\/v2\/comments?post=96689"}],"version-history":[{"count":0,"href":"https:\/\/www.europesays.com\/lt\/wp-json\/wp\/v2\/posts\/96689\/revisions"}],"wp:featuredmedia":[{"embeddable":true,"href":"https:\/\/www.europesays.com\/lt\/wp-json\/wp\/v2\/media\/96690"}],"wp:attachment":[{"href":"https:\/\/www.europesays.com\/lt\/wp-json\/wp\/v2\/media?parent=96689"}],"wp:term":[{"taxonomy":"category","embeddable":true,"href":"https:\/\/www.europesays.com\/lt\/wp-json\/wp\/v2\/categories?post=96689"},{"taxonomy":"post_tag","embeddable":true,"href":"https:\/\/www.europesays.com\/lt\/wp-json\/wp\/v2\/tags?post=96689"}],"curies":[{"name":"wp","href":"https:\/\/api.w.org\/{rel}","templated":true}]}}