{"id":97011,"date":"2026-02-02T07:54:06","date_gmt":"2026-02-02T07:54:06","guid":{"rendered":"https:\/\/www.europesays.com\/lt\/97011\/"},"modified":"2026-02-02T07:54:06","modified_gmt":"2026-02-02T07:54:06","slug":"vilkaviskio-rajone-apleistame-name-aptiktas-skeletas-delfi","status":"publish","type":"post","link":"https:\/\/www.europesays.com\/lt\/97011\/","title":{"rendered":"Vilkavi\u0161kio rajone apleistame name aptiktas skeletas &#8211; Delfi"},"content":{"rendered":"<ol>\n<li><a href=\"https:\/\/news.google.com\/rss\/articles\/CBMipwFBVV95cUxPbGZwbDZXaS1SNDd3a2NWM2gyZmtmeHRRbWh6d3d3Z2RSWFFTWnFhUWhVR0kyQkVYdllmWEhWNU90ZUhUWjVHSEMwbFZmcllXNGgzUnF4TG8xdFVPbUN6aFBmWTZlUGRRUF9WWHFnNy1MRXJvOUxQdFZfVTV3bEdRMW9SeFMwOUVYTC1LamVtTjRnd1JTOWdXMEdYT0xxaWJtX3dFWWt0cw?oc=5\" target=\"_blank\" rel=\"nofollow noopener\">Vilkavi\u0161kio rajone apleistame name aptiktas skeletas<\/a>&nbsp;&nbsp;Delfi<\/li>\n<li><a href=\"https:\/\/news.google.com\/rss\/articles\/CBMiwgFBVV95cUxQbDBvY191WWVZUHJKV0MxaUVjbGNrNWs1WWo0eElISWxyb242MGdfWmFfdHRoaWFoQkRWdEJRS0hxTXcteXdTNUJ2LU1HQmNiUnFiRzhBTkczSEgzbXpwa29UQ0sxWE0yMHNLMVJybHJXZW9GalFmYWNWVmRCZ3J1ejlBdUw0SVVpTzJLOWdJazRiNVdmQmNfUzVveUUzbG14emRDUFhSODBOdVdyVzlHTThmX1dkdlhuanZGTDJOaWhvUQ?oc=5\" target=\"_blank\" rel=\"nofollow noopener\">Vilniuje esan\u010diame mi\u0161ke rastas negyvas jaunas vyras<\/a>&nbsp;&nbsp;15min.lt<\/li>\n<li><a href=\"https:\/\/news.google.com\/rss\/articles\/CBMimwFBVV95cUxNUERxS19UM2l3aWd5X2ZkV3RLV0NLYV9hSFN0Q1V1VHBYeTI1YUw4MktRZjVvbXdqYmtadlVsc3M5Y2liVnVnYS1xbmxWcFhSSlV4SnQ0WGpYR0JUR0UyN0hmbUVLdTBaM0JCWmZkNTNkbVVRMTdOVWdpME04QTVDWTdtX181bmNNLV93dkpoeGNGdExKRmdBSHpBcw?oc=5\" target=\"_blank\" rel=\"nofollow noopener\">Apleistame name Vilkavi\u0161kio rajone \u2013 kraupus radinys<\/a>&nbsp;&nbsp;tv3.lt<\/li>\n<li><a href=\"https:\/\/news.google.com\/rss\/articles\/CBMiuAFBVV95cUxPbjB5aU1kNE92Y2tYUS1CZTB0eVRQYnFmWWtVUmdGbXBHXzlqcmpubDAwRm0zVEVtVE9EOThfMzZmUnV4bm5xRkRvS2NjMTR3U1dlc0U4U1NDMFhSVm8yUmRpUk43UEpnZzU1U1dPdE90YTBfN3RFczVfamVNS0VuNGVrOVZWZXJDNjlqcTdtUlBSc1dBZC1ma2J3eUtqUWFuZ0puU2xzaDl6OHBYUGRpUVUyN05JZF94?oc=5\" target=\"_blank\" rel=\"nofollow noopener\">Apleistame name rastas \u017emogaus skeletas, mi\u0161ke \u2013 jauno vyro k\u016bnas<\/a>&nbsp;&nbsp;Diena.lt<\/li>\n<li><a href=\"https:\/\/news.google.com\/rss\/articles\/CBMipgFBVV95cUxQcDJ6VW1ldWduLTJhSHBFRUJkcm5QOE5IMW5JYVZiSEo2dkViWkhtRnRfWXp5Qi1KOWRHUFdtdlBCdjZQc0JIU2dzZ3R4Qi1GaHVzUkxLY216NWh4NXpWM1lpdlJrTVAzWnM3T3NNaUt5NmxPcU15OXpPM19rcU5lMUllRUhRU1FmVS1EZE45NHhieFJaeE03c1gtbUp2RDVqb24xblFn?oc=5\" target=\"_blank\" rel=\"nofollow noopener\">Apleistame name Vilkavi\u0161kio rajone rastas \u017emogaus skeletas<\/a>&nbsp;&nbsp;LNK.LT<\/li>\n<\/ol>\n","protected":false},"excerpt":{"rendered":"Vilkavi\u0161kio rajone apleistame name aptiktas skeletas&nbsp;&nbsp;Delfi Vilniuje esan\u010diame mi\u0161ke rastas negyvas jaunas vyras&nbsp;&nbsp;15min.lt Apleistame name Vilkavi\u0161kio rajone \u2013&hellip;\n","protected":false},"author":2,"featured_media":97012,"comment_status":"","ping_status":"","sticky":false,"template":"","format":"standard","meta":{"footnotes":"","_share_on_mastodon":"0"},"categories":[13],"tags":[25,30,31,34,35,24,32,33,37,39,36,38,40,23,22,28,29,26,27,2171,16137],"class_list":["post-97011","post","type-post","status-publish","format-standard","has-post-thumbnail","category-lietuva","tag-antrastes","tag-breaking-news","tag-breakingnews","tag-featured-news","tag-featurednews","tag-headlines","tag-latest-news","tag-latestnews","tag-lietuva","tag-lietuviu","tag-lithuania","tag-lithuanian","tag-lt","tag-naujienos","tag-news","tag-populiariausios-naujienos","tag-populiariausiosnaujienos","tag-top-stories","tag-topstories","tag-tyrimas","tag-vilkaviskis"],"share_on_mastodon":{"url":"https:\/\/pubeurope.com\/@lt\/115999962752013171","error":""},"_links":{"self":[{"href":"https:\/\/www.europesays.com\/lt\/wp-json\/wp\/v2\/posts\/97011","targetHints":{"allow":["GET"]}}],"collection":[{"href":"https:\/\/www.europesays.com\/lt\/wp-json\/wp\/v2\/posts"}],"about":[{"href":"https:\/\/www.europesays.com\/lt\/wp-json\/wp\/v2\/types\/post"}],"author":[{"embeddable":true,"href":"https:\/\/www.europesays.com\/lt\/wp-json\/wp\/v2\/users\/2"}],"replies":[{"embeddable":true,"href":"https:\/\/www.europesays.com\/lt\/wp-json\/wp\/v2\/comments?post=97011"}],"version-history":[{"count":0,"href":"https:\/\/www.europesays.com\/lt\/wp-json\/wp\/v2\/posts\/97011\/revisions"}],"wp:featuredmedia":[{"embeddable":true,"href":"https:\/\/www.europesays.com\/lt\/wp-json\/wp\/v2\/media\/97012"}],"wp:attachment":[{"href":"https:\/\/www.europesays.com\/lt\/wp-json\/wp\/v2\/media?parent=97011"}],"wp:term":[{"taxonomy":"category","embeddable":true,"href":"https:\/\/www.europesays.com\/lt\/wp-json\/wp\/v2\/categories?post=97011"},{"taxonomy":"post_tag","embeddable":true,"href":"https:\/\/www.europesays.com\/lt\/wp-json\/wp\/v2\/tags?post=97011"}],"curies":[{"name":"wp","href":"https:\/\/api.w.org\/{rel}","templated":true}]}}