{"id":97234,"date":"2026-02-02T14:29:08","date_gmt":"2026-02-02T14:29:08","guid":{"rendered":"https:\/\/www.europesays.com\/lt\/97234\/"},"modified":"2026-02-02T14:29:08","modified_gmt":"2026-02-02T14:29:08","slug":"angelas-meloni-italijoje-neiprastas-skandalas-delfi","status":"publish","type":"post","link":"https:\/\/www.europesays.com\/lt\/97234\/","title":{"rendered":"\u201eAngelas Meloni\u201c: Italijoje \u2013 ne\u012fprastas skandalas &#8211; Delfi"},"content":{"rendered":"<ol>\n<li><a href=\"https:\/\/news.google.com\/rss\/articles\/CBMinAFBVV95cUxNX3RIZm9sdVhHVElMdW9JMDBWZzNpemp1YVV4WkQtR3NTWVJlY3o5eFhFTE1FVkNFcmQtM2lubzF3SkgwclNMcVlvamZtVmxuLXlRUXQwbi1zVy1zVmp0Mi1MdHhqOGxXQ1dtSVdITUFfZ19aVEVwdWhpRkhDbUhMUzBnZnFhckN1R3ZXUEJ5aFlwckxNNXVuWURzejk?oc=5\" target=\"_blank\" rel=\"nofollow noopener\">\u201eAngelas Meloni\u201c: Italijoje \u2013 ne\u012fprastas skandalas<\/a>&nbsp;&nbsp;Delfi<\/li>\n<li><a href=\"https:\/\/news.google.com\/rss\/articles\/CBMi7gFBVV95cUxQQmZtTGl4SXhhWksyZzJad1NpWGpYeV9GbUhDdXFEenFmdm1naWJaT2pueGprM2YzZ0dkaFREOENscU1lN2N0enNkM3BFeWNYRHpNVkRyaHljejZ4RGJON2ViOTlNQkZ0RHdmVklRMUxQZlBhTmdTRXdtMUt6WjFoX3dCcWdaaV96a3VXUW1qbW11RGZZbmhwZllqUndteXZ6WGk0ZHAzUkdZVVpaWUl5d3N3TGtCcFNaeDkwMmF2YUdxVkQtZE9fei14MWdfUG5kX2EwTjJUN0ZiNmF3RHBPOHJ0Q3NLTmpYLVJwQ1RR?oc=5\" target=\"_blank\" rel=\"nofollow noopener\">Italijoje verda aistros d\u0117l restauruotos freskos, kurioje cherubinas itin pana\u0161us \u012f Giorgi\u0105 Meloni<\/a>&nbsp;&nbsp;15min.lt<\/li>\n<li><a href=\"https:\/\/news.google.com\/rss\/articles\/CBMitwFBVV95cUxPLTZDWmVEbUFKVmROWkdpUkNvcGFOSmJtTmR4eGwyTHZTdElyMFl1N1JVZzYwSTl6TW5nZC1pVlFuWDhJRndjeXlxNWZIMnlCWVFXSm1QUlRFSTdpbEhWT25SanhJVUcwVVZSWGpUUHVKcE56YUZPb0lnbTd3aEtDSGpZN2Z0Rk1xSHgyUmYycVh0QlF3dWwzeE11eGFzaGxjTlhtWnlIOUMtcllFSGs3Um9OeXp0UU0?oc=5\" target=\"_blank\" rel=\"nofollow noopener\">Angelas ar Meloni? Italijoje u\u017evir\u0117 aistros d\u0117l restauruotos freskos<\/a>&nbsp;&nbsp;LRT<\/li>\n<li><a href=\"https:\/\/news.google.com\/rss\/articles\/CBMi6AFBVV95cUxPZktyak1YSFBjRU9ETl80V05GQUlLak8tdlFrY3RsUXZKaXNKLW54YWtZYm9SMjJubWR6VmpTYzhpLTR6LVl0TkVhMElVVzFZZkUxbHpqMU9vZ2c3MGhJLVQ0Y2lwLUszbklkaFp1OWlOWmVpRzItWnRYSlFvaUZIQUppclJyd3dWaXhQSW1KaDFDeDY0WkFIRmtBcWpJbHRQai1HTVZLcFdxRTQ3T0JDSHFQazF1UlZXeEk5VTJpQU1pYzdqdE1tMWxDU1dJMFBLRzdfT3R5OW41dUlfZkU5elBSU0lwMzdr?oc=5\" target=\"_blank\" rel=\"nofollow noopener\">Angelas ar premjer\u0117? Italijoje \u2013 skandalas d\u0117l freskos, primenan\u010dios Giorgi\u0105 Meloni<\/a>&nbsp;&nbsp;Kauno diena<\/li>\n<li><a href=\"https:\/\/news.google.com\/rss\/articles\/CBMivgFBVV95cUxOb3J2YXBWVzIzRWRNT1A4clpLU0E5MngwNmhHN1RMRnFLQm1JSHBrRXRIVUM0bFBpQ0dHTHBCWTdYVFVESkR4RXkxWVp4WktFS0JkbTBSTkdGWm1VaGpfWGlZS1BsRGNzSUp3dFhBajhEeXE4RVp6NHVJOWNQdG9QcXpUMTB2Y1hfYWo1TFM3ZEVDb1RMaDlJSTdzSlVvOHFzTWlYelR1OVdMY2FZRXpFM2NhUU5walJibUdkYzFB?oc=5\" target=\"_blank\" rel=\"nofollow noopener\">Romos vyskupija prad\u0117jo tyrim\u0105 d\u0117l ba\u017eny\u010dioje esan\u010dios freskos su angelu \u2013 Italijos premjer\u0117s veidu<\/a>&nbsp;&nbsp;infa.lt<\/li>\n<\/ol>\n","protected":false},"excerpt":{"rendered":"\u201eAngelas Meloni\u201c: Italijoje \u2013 ne\u012fprastas skandalas&nbsp;&nbsp;Delfi Italijoje verda aistros d\u0117l restauruotos freskos, kurioje cherubinas itin pana\u0161us \u012f Giorgi\u0105&hellip;\n","protected":false},"author":2,"featured_media":97235,"comment_status":"","ping_status":"","sticky":false,"template":"","format":"standard","meta":{"footnotes":"","_share_on_mastodon":"0"},"categories":[15],"tags":[25,30,31,34,35,5836,24,965,32,33,37,39,36,38,40,23,22,44,28,29,4429,26,27,74,75,76],"class_list":["post-97234","post","type-post","status-publish","format-standard","has-post-thumbnail","category-pasaulis","tag-antrastes","tag-breaking-news","tag-breakingnews","tag-featured-news","tag-featurednews","tag-giorgia-meloni","tag-headlines","tag-italija","tag-latest-news","tag-latestnews","tag-lietuva","tag-lietuviu","tag-lithuania","tag-lithuanian","tag-lt","tag-naujienos","tag-news","tag-pasaulis","tag-populiariausios-naujienos","tag-populiariausiosnaujienos","tag-roma","tag-top-stories","tag-topstories","tag-world","tag-world-news","tag-worldnews"],"share_on_mastodon":{"url":"https:\/\/pubeurope.com\/@lt\/116001515952839859","error":""},"_links":{"self":[{"href":"https:\/\/www.europesays.com\/lt\/wp-json\/wp\/v2\/posts\/97234","targetHints":{"allow":["GET"]}}],"collection":[{"href":"https:\/\/www.europesays.com\/lt\/wp-json\/wp\/v2\/posts"}],"about":[{"href":"https:\/\/www.europesays.com\/lt\/wp-json\/wp\/v2\/types\/post"}],"author":[{"embeddable":true,"href":"https:\/\/www.europesays.com\/lt\/wp-json\/wp\/v2\/users\/2"}],"replies":[{"embeddable":true,"href":"https:\/\/www.europesays.com\/lt\/wp-json\/wp\/v2\/comments?post=97234"}],"version-history":[{"count":0,"href":"https:\/\/www.europesays.com\/lt\/wp-json\/wp\/v2\/posts\/97234\/revisions"}],"wp:featuredmedia":[{"embeddable":true,"href":"https:\/\/www.europesays.com\/lt\/wp-json\/wp\/v2\/media\/97235"}],"wp:attachment":[{"href":"https:\/\/www.europesays.com\/lt\/wp-json\/wp\/v2\/media?parent=97234"}],"wp:term":[{"taxonomy":"category","embeddable":true,"href":"https:\/\/www.europesays.com\/lt\/wp-json\/wp\/v2\/categories?post=97234"},{"taxonomy":"post_tag","embeddable":true,"href":"https:\/\/www.europesays.com\/lt\/wp-json\/wp\/v2\/tags?post=97234"}],"curies":[{"name":"wp","href":"https:\/\/api.w.org\/{rel}","templated":true}]}}