{"id":97383,"date":"2026-02-02T18:12:04","date_gmt":"2026-02-02T18:12:04","guid":{"rendered":"https:\/\/www.europesays.com\/lt\/97383\/"},"modified":"2026-02-02T18:12:04","modified_gmt":"2026-02-02T18:12:04","slug":"lietuvos-delegacijoje-milane-skandalo-itrauktas-treneris","status":"publish","type":"post","link":"https:\/\/www.europesays.com\/lt\/97383\/","title":{"rendered":"Lietuvos delegacijoje Milane \u2013 skandalo \u012ftrauktas treneris"},"content":{"rendered":"<p>Pra\u0117jusi\u0105 savait\u0119 Lietuvos tautinis olimpinis komitetas (<a rel=\"noopener nofollow\" target=\"_blank\" href=\"https:\/\/www.delfi.lt\/temos\/ltok\" data-rel-date-range=\"[]\">LTOK<\/a>) buvus\u012f \u010diuo\u017e\u0117j\u0105 i\u0161 Estijos akreditavo \u017eaidyn\u0117ms kone paskutin\u0119 akimirk\u0105.<\/p>\n<p>Laukta Tarptautin\u0117s \u010diuo\u017eimo s\u0105jungos (ISU) atsakymo, jog oficialus tyrimas d\u0117l pavieninink\u0117s <a rel=\"noopener nofollow\" target=\"_blank\" href=\"https:\/\/www.delfi.lt\/temos\/meda-variakojyte\" data-rel-date-range=\"[]\">Medos Variakojyt\u0117s<\/a> trenerio n\u0117ra atliekamas.<\/p>\n<p>Tokia informacija buvo spekuliuojama vie\u0161ojoje erdv\u0117je kitai buvusiai R. Reinsalu aukl\u0117tinei i\u0161siliejus d\u0117l neva nederamo specialisto elgesio, paskatinusio pakelti prie\u0161 save rank\u0105.<\/p>\n<p>Lietuvos \u010diuo\u017eimo federacijos (L\u010cF) atstovai treneriu neabejoja ir yra \u012fsitikin\u0119, kad M. Variakojytei niekas negresia. Es\u0105 b\u016btent R. Reinsalu pad\u0117jo 18-metei olimpietei pakilti \u012f auk\u0161tesn\u0119 meistri\u0161kumo lentyn\u0105.<\/p>\n<p>Estas, kuris yra ir ISU techninis specialistas, jau keliolika met\u0173 dirba Rygos \u201eKristal Ice\u201c klube.<\/p>\n","protected":false},"excerpt":{"rendered":"Pra\u0117jusi\u0105 savait\u0119 Lietuvos tautinis olimpinis komitetas (LTOK) buvus\u012f \u010diuo\u017e\u0117j\u0105 i\u0161 Estijos akreditavo \u017eaidyn\u0117ms kone paskutin\u0119 akimirk\u0105. Laukta Tarptautin\u0117s&hellip;\n","protected":false},"author":2,"featured_media":97384,"comment_status":"","ping_status":"","sticky":false,"template":"","format":"standard","meta":{"footnotes":"","_share_on_mastodon":"0"},"categories":[19],"tags":[6567,18032,37,39,19655,36,38,40,1900,14948,13004,6566,47,104],"class_list":["post-97383","post","type-post","status-publish","format-standard","has-post-thumbnail","category-sportas","tag-allison-reed","tag-jogaile-aglinskyte","tag-lietuva","tag-lietuviu","tag-lilija-vanagiene","tag-lithuania","tag-lithuanian","tag-lt","tag-ltok","tag-meda-variakojyte","tag-milano-kortinos-ziemos-olimpines-zaidynes","tag-saulius-ambrulevicius","tag-sportas","tag-sports"],"share_on_mastodon":{"url":"https:\/\/pubeurope.com\/@lt\/116002392807923751","error":""},"_links":{"self":[{"href":"https:\/\/www.europesays.com\/lt\/wp-json\/wp\/v2\/posts\/97383","targetHints":{"allow":["GET"]}}],"collection":[{"href":"https:\/\/www.europesays.com\/lt\/wp-json\/wp\/v2\/posts"}],"about":[{"href":"https:\/\/www.europesays.com\/lt\/wp-json\/wp\/v2\/types\/post"}],"author":[{"embeddable":true,"href":"https:\/\/www.europesays.com\/lt\/wp-json\/wp\/v2\/users\/2"}],"replies":[{"embeddable":true,"href":"https:\/\/www.europesays.com\/lt\/wp-json\/wp\/v2\/comments?post=97383"}],"version-history":[{"count":0,"href":"https:\/\/www.europesays.com\/lt\/wp-json\/wp\/v2\/posts\/97383\/revisions"}],"wp:featuredmedia":[{"embeddable":true,"href":"https:\/\/www.europesays.com\/lt\/wp-json\/wp\/v2\/media\/97384"}],"wp:attachment":[{"href":"https:\/\/www.europesays.com\/lt\/wp-json\/wp\/v2\/media?parent=97383"}],"wp:term":[{"taxonomy":"category","embeddable":true,"href":"https:\/\/www.europesays.com\/lt\/wp-json\/wp\/v2\/categories?post=97383"},{"taxonomy":"post_tag","embeddable":true,"href":"https:\/\/www.europesays.com\/lt\/wp-json\/wp\/v2\/tags?post=97383"}],"curies":[{"name":"wp","href":"https:\/\/api.w.org\/{rel}","templated":true}]}}