{"id":98196,"date":"2026-02-04T03:14:01","date_gmt":"2026-02-04T03:14:01","guid":{"rendered":"https:\/\/www.europesays.com\/lt\/98196\/"},"modified":"2026-02-04T03:14:01","modified_gmt":"2026-02-04T03:14:01","slug":"bendruomene-reikalauja-stabdyti-rudninku-ir-kapciamiescio-poligonu-pletra-lydincius-procesus-respublika-lt","status":"publish","type":"post","link":"https:\/\/www.europesays.com\/lt\/98196\/","title":{"rendered":"Bendruomen\u0117 reikalauja stabdyti R\u016bdnink\u0173 ir Kap\u010diamies\u010dio poligon\u0173 pl\u0117tr\u0105 lydin\u010dius procesus &#8211; Respublika.lt"},"content":{"rendered":"<p style=\"text-align: justify;\" class=\"desktop_banner\">\u00a0<\/p>\n<p style=\"text-align: left;\">\u00a0<\/p>\n<p style=\"text-align: left;\">\u201eAsociacija \u201eKap\u010diamies\u010dio bendruomen\u0117s giria\u201c teikia (\u2026) informacij\u0105 apie\u00a0\u0161i\u0105 savait\u0119\u00a0Briuselio ir Lietuvos institucijoms \u012fteikt\u0105 oficial\u0173 reikalavim\u0105 d\u0117l R\u016bdnink\u0173 ir Kap\u010diamies\u010dio poligon\u0173 pl\u0117tr\u0105 lydin\u010di\u0173 proces\u0173 stabdymo\u201c, \u2013 ra\u0161oma prane\u0161ime.\u00a0<\/p>\n<p style=\"text-align: left;\">\u201eLietuvos vald\u017eios institucijoms, Europos Komisijai bei kaimynin\u0117s Lenkijos institucijoms \u012fteiktas oficialus reikalavimas: Kap\u010diamies\u010dio bendruomen\u0117 reikalauja stabdyti R\u016bdnink\u0173 poligono infrastrukt\u016bros pl\u0117tr\u0105 bei atlikti nepriklausom\u0105 audit\u0105 d\u0117l sistemini\u0173 ES gamtosaugos teis\u0117s pa\u017eeidim\u0173. Reikalaujame moratoriumo iki nepriklausomo ES audito i\u0161vad\u0173, siekiant i\u0161vengti nepataisomos \u017ealos \u201eNatura 2000\u201c ekosistemai ir valstyb\u0117s biud\u017eetui d\u0117l gresian\u010di\u0173 milijonini\u0173 sankcij\u0173\u201c, \u2013 akcentuoja asociacija.\u00a0<\/p>\n<p style=\"text-align: left;\">Bendruomen\u0117s atstovai tikina suprantantys b\u016btinyb\u0119 stiprinti Lietuvos gynybinius paj\u0117gumus, ta\u010diau pa\u017eymi \u2013 tai netur\u0117t\u0173 b\u016bti daroma unikalios gamtos naikinimo s\u0105skaita.\u00a0<\/p>\n<p style=\"text-align: left;\">\u201eBendruomen\u0117 reikalauja skubiai\u00a0stabdyti\u00a0bet kokius fizinius darbus iki nepriklausomo ES audito i\u0161vad\u0173, siekiant i\u0161vengti nepataisomos \u017ealos Natura 2000 ekosistemai ir valstyb\u0117s biud\u017eetui gresian\u010di\u0173 milijonini\u0173 sankcij\u0173. Lietuva rizikuoja ne tik baudomis, bet ir visi\u0161ku ES gamtosaugini\u0173 fond\u0173 praradimu\u201c, \u2013 teigiama prane\u0161ime.\u00a0<\/p>\n<p style=\"text-align: left;\">\u201eMes nekvestionuojame b\u016btinyb\u0117s stiprinti Lietuvos gynybinius paj\u0117gumus, ta\u010diau kategori\u0161kai nepritariame\u00a0teisiniam nihilizmui. Saugumas negali b\u016bti statomas ant melo Briuseliui,\u00a0galimo\u00a0registr\u0173 klastojimo ir unikalios gamtos naikinimo. Tikra nacionalinio saugumo stipryb\u0117 slypi\u00a0teisin\u0117s valstyb\u0117s principuose\u00a0ir skaidrume \u2013 tik teisi\u0161kai nepa\u017eeid\u017eiami projektai stiprina valstyb\u0119, o ne paver\u010dia j\u0105 ES sankcij\u0173 taikiniu\u201c, \u2013 akcentuoja asociacija \u201eKap\u010diamies\u010dio bendruomen\u0117s giria\u201c.\u00a0<\/p>\n<p style=\"text-align: left;\">ELTA primena, kad pernai gruod\u012f Valstyb\u0117s gynimo taryba (VGT) pri\u0117m\u0117 sprendim\u0105 steigti brigados dyd\u017eio Kap\u010diamies\u010dio poligon\u0105 Lazdij\u0173 savivaldyb\u0117je. Be to, nuspr\u0119sta, kad Taurag\u0117je esan\u010dio poligono plotas bus dvigubai didinamas, i\u0161ple\u010diant jo teritorij\u0105 \u012f Jurbarko savivaldyb\u0119.\u00a0<\/p>\n<p style=\"text-align: left;\">Vis tik d\u0117l tokio vald\u017eios sprendimo kilo vietos bendruomen\u0117s pasipiktinimas, vyko protesto akcija.<\/p>\n<p style=\"text-align: left;\">Brigados dyd\u017eio poligon\u0105 norima \u012fsteigti siekiant atliepti kariuomen\u0117s modernizacij\u0105, augant\u012f \u0161auktini\u0173 skai\u010di\u0173, vystom\u0105 nacionalin\u0119 divizij\u0105 ir did\u0117jan\u010dias s\u0105junginink\u0173 paj\u0117gas.<\/p>\n","protected":false},"excerpt":{"rendered":"\u00a0 \u00a0 \u201eAsociacija \u201eKap\u010diamies\u010dio bendruomen\u0117s giria\u201c teikia (\u2026) informacij\u0105 apie\u00a0\u0161i\u0105 savait\u0119\u00a0Briuselio ir Lietuvos institucijoms \u012fteikt\u0105 oficial\u0173 reikalavim\u0105 d\u0117l&hellip;\n","protected":false},"author":2,"featured_media":98197,"comment_status":"","ping_status":"","sticky":false,"template":"","format":"standard","meta":{"footnotes":"","_share_on_mastodon":"0"},"categories":[6],"tags":[25,30,31,34,35,24,14665,32,33,37,39,36,38,40,23,22,2505,28,29,228,26,27],"class_list":["post-98196","post","type-post","status-publish","format-standard","has-post-thumbnail","category-antrastes","tag-antrastes","tag-breaking-news","tag-breakingnews","tag-featured-news","tag-featurednews","tag-headlines","tag-kapciamiestis","tag-latest-news","tag-latestnews","tag-lietuva","tag-lietuviu","tag-lithuania","tag-lithuanian","tag-lt","tag-naujienos","tag-news","tag-poligonas","tag-populiariausios-naujienos","tag-populiariausiosnaujienos","tag-stabdymas","tag-top-stories","tag-topstories"],"share_on_mastodon":{"url":"https:\/\/pubeurope.com\/@lt\/116010186352232143","error":""},"_links":{"self":[{"href":"https:\/\/www.europesays.com\/lt\/wp-json\/wp\/v2\/posts\/98196","targetHints":{"allow":["GET"]}}],"collection":[{"href":"https:\/\/www.europesays.com\/lt\/wp-json\/wp\/v2\/posts"}],"about":[{"href":"https:\/\/www.europesays.com\/lt\/wp-json\/wp\/v2\/types\/post"}],"author":[{"embeddable":true,"href":"https:\/\/www.europesays.com\/lt\/wp-json\/wp\/v2\/users\/2"}],"replies":[{"embeddable":true,"href":"https:\/\/www.europesays.com\/lt\/wp-json\/wp\/v2\/comments?post=98196"}],"version-history":[{"count":0,"href":"https:\/\/www.europesays.com\/lt\/wp-json\/wp\/v2\/posts\/98196\/revisions"}],"wp:featuredmedia":[{"embeddable":true,"href":"https:\/\/www.europesays.com\/lt\/wp-json\/wp\/v2\/media\/98197"}],"wp:attachment":[{"href":"https:\/\/www.europesays.com\/lt\/wp-json\/wp\/v2\/media?parent=98196"}],"wp:term":[{"taxonomy":"category","embeddable":true,"href":"https:\/\/www.europesays.com\/lt\/wp-json\/wp\/v2\/categories?post=98196"},{"taxonomy":"post_tag","embeddable":true,"href":"https:\/\/www.europesays.com\/lt\/wp-json\/wp\/v2\/tags?post=98196"}],"curies":[{"name":"wp","href":"https:\/\/api.w.org\/{rel}","templated":true}]}}