{"id":98643,"date":"2026-02-04T13:10:10","date_gmt":"2026-02-04T13:10:10","guid":{"rendered":"https:\/\/www.europesays.com\/lt\/98643\/"},"modified":"2026-02-04T13:10:10","modified_gmt":"2026-02-04T13:10:10","slug":"generaline-prokuratura-pradeda-tyrima-del-vmi-parduodamu-konfiskuotu-automobiliu-respublika-lt","status":"publish","type":"post","link":"https:\/\/www.europesays.com\/lt\/98643\/","title":{"rendered":"Generalin\u0117 prokurat\u016bra pradeda tyrim\u0105 d\u0117l VMI parduodam\u0173 konfiskuot\u0173 automobili\u0173 &#8211; Respublika.lt"},"content":{"rendered":"<p><img loading=\"lazy\" decoding=\"async\" src=\"https:\/\/www.respublika.lt\/lt\/naujienos\/lietuva\/kitos-lietuvos-zinios\/generaline-prokuratura-pradeda-tyrima-del-vmi-parduodamu-konfiskuotu-automobiliu\/images\/ico_camera_white.gif\" class=\"camera\" width=\"22\" height=\"15\" alt=\"nuotr.\" style=\"position:relative; top:-2px; right:2px;\"\/> 1 nuotr.<\/p>\n<p>Asociatyvi Eltos nuotr.<\/p>\n<p>Prie\u0161 tai Speciali\u0173j\u0173 tyrim\u0173 tarnyba (STT) atsisak\u0117 prad\u0117ti ikiteismin\u012f tyrim\u0105 d\u0117l pavie\u0161intos informacijos apie galimai daromus pa\u017eeidimus.<\/p>\n<p style=\"text-align: justify;\" class=\"desktop_banner\">\u00a0<\/p>\n<p>Generalin\u0117 prokurat\u016bra antradien\u012f informavo, kad  Organizuot\u0173 nusikaltim\u0173 ir korupcijos tyrimo departamente prad\u0117tas ikiteisminis tyrimas d\u0117l galimai nusikalstam\u0173 veik\u0173 vykdant konfiskuot\u0173 automobili\u0173 pardavimus per Valstybin\u0117s mokes\u010di\u0173 inspekcijos (VMI) valdom\u0105 elektronin\u0119 parduotuv\u0119.<\/p>\n<p>\u0160is sprendimas priimtas prokurorui susipa\u017einus su STT \u0161i\u0173 met\u0173  sausio 29 d. priimtu nutarimu, kuriuo atsisakyta prad\u0117ti ikiteismin\u012f tyrim\u0105 d\u0117l vie\u0161ojoje erdv\u0117je pateiktos informacijos apie galimai daromus pa\u017eeidimus, ir j\u012f panaikinus.<\/p>\n<p>Prokuroro vertinimu, siekiant objektyviai nustatyti, ar VMI vykdant prekyb\u0105 konfiskuotais automobiliais nebuvo padaryta nusikalstama veika, b\u016btina surinkti ai\u0161kius, konkre\u010dius, faktinius duomenis apie \u0161i\u0173 pardavim\u0173 organizavim\u0105, gauti kit\u0105 reik\u0161ming\u0105 vertinimui informacij\u0105.<\/p>\n<p>Tyrimas prad\u0117tas d\u0117l galimo piktnaud\u017eiavimo ir neteis\u0117to elektronini\u0173 duomen\u0173 per\u0117mimo ir panaudojimo. J\u012f kontroliuoti pavesta Generalin\u0117s prokurat\u016bros Organizuot\u0173 nusikaltim\u0173 ir korupcijos tyrimo departamento prokurorui, atlikti &#8211; STT Centrinei valdybai.<\/p>\n<p>\u00a0<\/p>\n<p>Naujausios \u017einios<\/p>\n<p><\/p>\n<p>        <a href=\"https:\/\/www.respublika.lt\/lt\/naujienos\/pasaulis\/kitos_pasaulio_naujienos\/vokietija-del-ziemisko-oro-sutriko-tolimojo-susisiekimo-traukiniu-eismas\/\" rel=\"nofollow noopener\" target=\"_blank\"><img decoding=\"async\" oncontextmenu=\"return false\" class=\"block_item_newest_photo\" src=\"https:\/\/www.respublika.lt\/lt\/naujienos\/lietuva\/kitos-lietuvos-zinios\/generaline-prokuratura-pradeda-tyrima-del-vmi-parduodamu-konfiskuotu-automobiliu\/uploads\/img\/catalog\/1\/photo_for_homepage_1_39327336.jpg\" alt=\"\" width=\"240\" height=\"154.45\"\/><\/a><\/p>\n<p>        <a href=\"https:\/\/www.respublika.lt\/lt\/naujienos\/sveikata\/sveikata\/ziemos-linksmybes-baigiasi-net-neigalumu\/\" rel=\"nofollow noopener\" target=\"_blank\"><img decoding=\"async\" oncontextmenu=\"return false\" class=\"block_item_newest_photo\" src=\"https:\/\/www.respublika.lt\/lt\/naujienos\/lietuva\/kitos-lietuvos-zinios\/generaline-prokuratura-pradeda-tyrima-del-vmi-parduodamu-konfiskuotu-automobiliu\/uploads\/img\/catalog\/1\/photo_for_homepage_1_72917203.jpg\" alt=\"\" width=\"240\" height=\"154.45\"\/><\/a><\/p>\n<p>Patiko straipsnis? Leisk mums apie tai su\u017einoti. Nepamir\u0161k pasidalinti Facebook! <\/p>\n<p><img loading=\"lazy\" decoding=\"async\" class=\"p2_social_circle_icon\" src=\"https:\/\/www.respublika.lt\/images\/thumbs_up.svg\" width=\"21\" height=\"22\" alt=\"L\"\/><\/p>\n<p><img loading=\"lazy\" decoding=\"async\" class=\"p2_social_circle_icon\" src=\"https:\/\/www.respublika.lt\/images\/facebook.svg\" alt=\"F\" width=\"22\" height=\"22\" style=\"filter: invert(37%) sepia(55%) saturate(2351%) hue-rotate(187deg) brightness(102%) contrast(106%);\"\/><\/p>\n<p>&#13;<br \/>\n\tNesutinkate &#8211; diskutuokime!<br \/>&#13;<br \/>\n\tNepykite komentatoriai, bet komentarai su keiksma\u017eod\u017eiais bus \u0161alinami automati\u0161kai, be atsipra\u0161ymo.\n    <\/p>\n<p>&#13;<br \/>\n              Respublika.lt pasilieka teis\u0119 pa\u0161alinti nekult\u016bringus, keiksma\u017eod\u017eiais pagardintus, su tema nesusijusius, kito asmens vardu pasira\u0161ytus, \u012fstatymus pa\u017eeid\u017eian\u010dius, \u0161lam\u0161t\u0105 reklamuojan\u010dius ar nusikalsti kurstan\u010dius komentarus. Jei kurstysite smurt\u0105, rasin\u0119, tautin\u0119, religin\u0119 ar kitokio pob\u016bd\u017eio neapykant\u0105, \u017evirbliu i\u0161skrid\u0119 j\u016bs\u0173 \u017eod\u017eiai gr\u012f\u017edami gali virsti ton\u0105 sverian\u010diu jau\u010diu &#8211; specialiosioms Lietuvos tarnyboms pareikalavus suteiksime j\u016bs\u0173 duomenis.\n            <\/p>\n","protected":false},"excerpt":{"rendered":"1 nuotr. Asociatyvi Eltos nuotr. Prie\u0161 tai Speciali\u0173j\u0173 tyrim\u0173 tarnyba (STT) atsisak\u0117 prad\u0117ti ikiteismin\u012f tyrim\u0105 d\u0117l pavie\u0161intos informacijos&hellip;\n","protected":false},"author":2,"featured_media":98644,"comment_status":"","ping_status":"","sticky":false,"template":"","format":"standard","meta":{"footnotes":"","_share_on_mastodon":"0"},"categories":[6],"tags":[25,2006,30,31,34,35,5248,24,17204,32,33,37,39,36,38,40,23,22,227,28,29,627,997,26,27,1572],"class_list":["post-98643","post","type-post","status-publish","format-standard","has-post-thumbnail","category-antrastes","tag-antrastes","tag-automobiliai","tag-breaking-news","tag-breakingnews","tag-featured-news","tag-featurednews","tag-generaline","tag-headlines","tag-konfiskacija","tag-latest-news","tag-latestnews","tag-lietuva","tag-lietuviu","tag-lithuania","tag-lithuanian","tag-lt","tag-naujienos","tag-news","tag-pardavimas","tag-populiariausios-naujienos","tag-populiariausiosnaujienos","tag-prokuratura","tag-stt","tag-top-stories","tag-topstories","tag-vmi"],"share_on_mastodon":{"url":"https:\/\/pubeurope.com\/@lt\/116012529960376732","error":""},"_links":{"self":[{"href":"https:\/\/www.europesays.com\/lt\/wp-json\/wp\/v2\/posts\/98643","targetHints":{"allow":["GET"]}}],"collection":[{"href":"https:\/\/www.europesays.com\/lt\/wp-json\/wp\/v2\/posts"}],"about":[{"href":"https:\/\/www.europesays.com\/lt\/wp-json\/wp\/v2\/types\/post"}],"author":[{"embeddable":true,"href":"https:\/\/www.europesays.com\/lt\/wp-json\/wp\/v2\/users\/2"}],"replies":[{"embeddable":true,"href":"https:\/\/www.europesays.com\/lt\/wp-json\/wp\/v2\/comments?post=98643"}],"version-history":[{"count":0,"href":"https:\/\/www.europesays.com\/lt\/wp-json\/wp\/v2\/posts\/98643\/revisions"}],"wp:featuredmedia":[{"embeddable":true,"href":"https:\/\/www.europesays.com\/lt\/wp-json\/wp\/v2\/media\/98644"}],"wp:attachment":[{"href":"https:\/\/www.europesays.com\/lt\/wp-json\/wp\/v2\/media?parent=98643"}],"wp:term":[{"taxonomy":"category","embeddable":true,"href":"https:\/\/www.europesays.com\/lt\/wp-json\/wp\/v2\/categories?post=98643"},{"taxonomy":"post_tag","embeddable":true,"href":"https:\/\/www.europesays.com\/lt\/wp-json\/wp\/v2\/tags?post=98643"}],"curies":[{"name":"wp","href":"https:\/\/api.w.org\/{rel}","templated":true}]}}