{"id":98793,"date":"2026-02-04T16:14:06","date_gmt":"2026-02-04T16:14:06","guid":{"rendered":"https:\/\/www.europesays.com\/lt\/98793\/"},"modified":"2026-02-04T16:14:06","modified_gmt":"2026-02-04T16:14:06","slug":"jav-derybos-su-iranu-vyks-omane","status":"publish","type":"post","link":"https:\/\/www.europesays.com\/lt\/98793\/","title":{"rendered":"JAV derybos su Iranu vyks Omane"},"content":{"rendered":"<p>\u201eNetiesiogin\u0117s derybos tarp Irano ir Jungtini\u0173 Valstij\u0173 vyks penktadien\u012f Maskate\u201c, \u2013 prane\u0161\u0117 naujien\u0173 agent\u016bra \u201eTasnim\u201c.<\/p>\n<p>Irano naujien\u0173 agent\u016bra prid\u016br\u0117, kad \u201ejos bus susijusios tik su branduoline programa ir sankcij\u0173 Iranui panaikinimu\u201c.<\/p>\n<p>Kaip skelbta, antradienio vakar\u0105 Irano u\u017esienio reikal\u0173 ministras Abbasas Araghchi kalb\u0117josi telefonu su kolegomis Turkijoje, Omane, Katare ir Kuveite. Turk\u0173 diplomatijos vadovui Hakanui Fidanui jis pad\u0117kojo u\u017e pastangas \u201ema\u017einti \u012ftamp\u0105\u201c ir u\u017e param\u0105 \u201etaikai ir saugumui regione\u201c.<\/p>\n<p>Turkija pra\u0117jusiomis dienomis buvo svarstoma kaip planuojam\u0173 deryb\u0173 vieta. JAV naujien\u0173 portalas \u201eAxios\u201c v\u0117liau prane\u0161\u0117, kad pokalbiai perkeliami \u012f Oman\u0105. \u010cia jau pernai vyko derybos tarp Va\u0161ingtono\u00a0 ir Teherano.<\/p>\n<p>Pastaruoju metu v\u0117l i\u0161augo nerimas d\u0117l naujo karo. JAV prezidentas Donaldas Trumpas keliskart pagrasino vadovybei Teherane kariniu \u012fsiki\u0161imu, be kita ko, d\u0117l brutalaus pastar\u0173j\u0173 masini\u0173 protest\u0173 numal\u0161inimo. JAV paj\u0117gos sausio prad\u017eioje smarkiai i\u0161pl\u0117t\u0117 savo buvim\u0105 regione.<\/p>\n","protected":false},"excerpt":{"rendered":"\u201eNetiesiogin\u0117s derybos tarp Irano ir Jungtini\u0173 Valstij\u0173 vyks penktadien\u012f Maskate\u201c, \u2013 prane\u0161\u0117 naujien\u0173 agent\u016bra \u201eTasnim\u201c. Irano naujien\u0173 agent\u016bra&hellip;\n","protected":false},"author":2,"featured_media":98794,"comment_status":"","ping_status":"","sticky":false,"template":"","format":"standard","meta":{"footnotes":"","_share_on_mastodon":"0"},"categories":[15],"tags":[25,30,31,6949,3346,34,35,24,79,223,32,33,37,39,36,38,40,23,22,13181,44,28,29,26,27,74,75,76],"class_list":["post-98793","post","type-post","status-publish","format-standard","has-post-thumbnail","category-pasaulis","tag-antrastes","tag-breaking-news","tag-breakingnews","tag-derybos","tag-elta-uzsienio-naujiena","tag-featured-news","tag-featurednews","tag-headlines","tag-iranas","tag-jav","tag-latest-news","tag-latestnews","tag-lietuva","tag-lietuviu","tag-lithuania","tag-lithuanian","tag-lt","tag-naujienos","tag-news","tag-omanas","tag-pasaulis","tag-populiariausios-naujienos","tag-populiariausiosnaujienos","tag-top-stories","tag-topstories","tag-world","tag-world-news","tag-worldnews"],"share_on_mastodon":{"url":"https:\/\/pubeurope.com\/@lt\/116013253456790896","error":""},"_links":{"self":[{"href":"https:\/\/www.europesays.com\/lt\/wp-json\/wp\/v2\/posts\/98793","targetHints":{"allow":["GET"]}}],"collection":[{"href":"https:\/\/www.europesays.com\/lt\/wp-json\/wp\/v2\/posts"}],"about":[{"href":"https:\/\/www.europesays.com\/lt\/wp-json\/wp\/v2\/types\/post"}],"author":[{"embeddable":true,"href":"https:\/\/www.europesays.com\/lt\/wp-json\/wp\/v2\/users\/2"}],"replies":[{"embeddable":true,"href":"https:\/\/www.europesays.com\/lt\/wp-json\/wp\/v2\/comments?post=98793"}],"version-history":[{"count":0,"href":"https:\/\/www.europesays.com\/lt\/wp-json\/wp\/v2\/posts\/98793\/revisions"}],"wp:featuredmedia":[{"embeddable":true,"href":"https:\/\/www.europesays.com\/lt\/wp-json\/wp\/v2\/media\/98794"}],"wp:attachment":[{"href":"https:\/\/www.europesays.com\/lt\/wp-json\/wp\/v2\/media?parent=98793"}],"wp:term":[{"taxonomy":"category","embeddable":true,"href":"https:\/\/www.europesays.com\/lt\/wp-json\/wp\/v2\/categories?post=98793"},{"taxonomy":"post_tag","embeddable":true,"href":"https:\/\/www.europesays.com\/lt\/wp-json\/wp\/v2\/tags?post=98793"}],"curies":[{"name":"wp","href":"https:\/\/api.w.org\/{rel}","templated":true}]}}