{"id":98894,"date":"2026-02-04T19:23:08","date_gmt":"2026-02-04T19:23:08","guid":{"rendered":"https:\/\/www.europesays.com\/lt\/98894\/"},"modified":"2026-02-04T19:23:08","modified_gmt":"2026-02-04T19:23:08","slug":"per-rusu-bombardavima-chersono-regione-trys-zmones-zuvo-keturi-buvo-suzeisti","status":"publish","type":"post","link":"https:\/\/www.europesays.com\/lt\/98894\/","title":{"rendered":"Per rus\u0173 bombardavim\u0105 Chersono regione trys \u017emon\u0117s \u017euvo, keturi buvo su\u017eeisti"},"content":{"rendered":"<p>Apie tai platformoje \u201eTelegram\u201c prane\u0161\u0117 Chersono regionin\u0117 prokurat\u016bra.<\/p>\n<p>\u201eChersono srities prokurat\u016brai pri\u017ei\u016brint prad\u0117tas ikiteisminis tyrimas d\u0117l karo nusikaltim\u0173 \u012fvykdymo\u201c, \u2013 nurodoma prane\u0161ime.<\/p>\n<p>Tyrimo duomenimis, 2026 m. vasario 4 d. prie\u0161o paj\u0117gos naudodamos artilerij\u0105 ir dronus ap\u0161aud\u0117 Chersono srities gyvenam\u0105sias vietoves.<\/p>\n<p>17.30 val. duomenimis, d\u0117l Rusijos agresijos \u017euvo trys civiliai, o dar keturi asmenys buvo su\u017eeisti.<\/p>\n<p>Apie 7 val. ryto rus\u0173 kariai sudav\u0117 kombinuot\u0105 sm\u016bg\u012f Beryslavo miestui, antpuolio metu artilerija ir nepilotuojamieji orlaiviai pataik\u0117 \u012f mikroautobus\u0105, buvo su\u017eeistas jo vairuotojas. 14.30 val. toje pa\u010dioje vietov\u0117je okupantai dronu su sumontuota pirmojo asmens vaizdo kamera nu\u017eud\u0117 civil\u012f.<\/p>\n<p>Stanislavo rajono Oleksandrivkos kaime apie 09.45 val. Rusijos kariuomen\u0117 tokiu pa\u010diu dronu smog\u0117 transporto priemonei, aptarnaujan\u010diai vietos fel\u010derio-aku\u0161erio stot\u012f. \u017duvo vienas \u0161ios \u012fstaigos darbuotojas, buvo su\u017eeistas transporto priemon\u0117s vairuotojas.<\/p>\n<p>T\u0105 pat\u012f ryt\u0105 artilerijai ap\u0161aud\u017eius Chersono priemiest\u012f \u017euvo gatv\u0117je buv\u0119s vyras. Dar vien\u0105 \u017emog\u0173 regiono centre su\u017eeid\u0117 rus\u0173 drono numesti sprogmenys.<\/p>\n<p>Vakare Ukrainkos kaime prie\u0161as i\u0161 drono numet\u0117 sprogmenis, kurie su\u017eeid\u0117 vien\u0105 \u017emog\u0173.<\/p>\n<p>Per antpuol\u012f buvo apgriauti privat\u016bs gyvenamieji namai, apgadinti troleibusai ir lengvieji automobiliai.<\/p>\n<p>Kaip anks\u010diau prane\u0161\u0117 \u201eUkrinform\u201c, Stanislavo rajono Oleksandrivkos kaime prie\u0161as dronu atakavo medicinos pagalbos automobil\u012f, nu\u017eudydamas juo va\u017eiavus\u012f medik\u0105 ir su\u017eeisdamas vairuotoj\u0105, o Chersone per artilerijos ap\u0161audym\u0105 \u017euvo 38-eri\u0173 met\u0173 vyras. D\u0117l \u0161i\u0173 \u012fvyki\u0173 prad\u0117tas baud\u017eiamasis procesas.<\/p>\n","protected":false},"excerpt":{"rendered":"Apie tai platformoje \u201eTelegram\u201c prane\u0161\u0117 Chersono regionin\u0117 prokurat\u016bra. \u201eChersono srities prokurat\u016brai pri\u017ei\u016brint prad\u0117tas ikiteisminis tyrimas d\u0117l karo nusikaltim\u0173&hellip;\n","protected":false},"author":2,"featured_media":98895,"comment_status":"","ping_status":"","sticky":false,"template":"","format":"standard","meta":{"footnotes":"","_share_on_mastodon":"0"},"categories":[15],"tags":[25,4443,30,31,16407,3346,34,35,24,32,33,37,39,36,38,40,23,22,44,28,29,26,27,74,75,76],"class_list":["post-98894","post","type-post","status-publish","format-standard","has-post-thumbnail","category-pasaulis","tag-antrastes","tag-ataka","tag-breaking-news","tag-breakingnews","tag-chersonas","tag-elta-uzsienio-naujiena","tag-featured-news","tag-featurednews","tag-headlines","tag-latest-news","tag-latestnews","tag-lietuva","tag-lietuviu","tag-lithuania","tag-lithuanian","tag-lt","tag-naujienos","tag-news","tag-pasaulis","tag-populiariausios-naujienos","tag-populiariausiosnaujienos","tag-top-stories","tag-topstories","tag-world","tag-world-news","tag-worldnews"],"share_on_mastodon":{"url":"https:\/\/pubeurope.com\/@lt\/116013996597715179","error":""},"_links":{"self":[{"href":"https:\/\/www.europesays.com\/lt\/wp-json\/wp\/v2\/posts\/98894","targetHints":{"allow":["GET"]}}],"collection":[{"href":"https:\/\/www.europesays.com\/lt\/wp-json\/wp\/v2\/posts"}],"about":[{"href":"https:\/\/www.europesays.com\/lt\/wp-json\/wp\/v2\/types\/post"}],"author":[{"embeddable":true,"href":"https:\/\/www.europesays.com\/lt\/wp-json\/wp\/v2\/users\/2"}],"replies":[{"embeddable":true,"href":"https:\/\/www.europesays.com\/lt\/wp-json\/wp\/v2\/comments?post=98894"}],"version-history":[{"count":0,"href":"https:\/\/www.europesays.com\/lt\/wp-json\/wp\/v2\/posts\/98894\/revisions"}],"wp:featuredmedia":[{"embeddable":true,"href":"https:\/\/www.europesays.com\/lt\/wp-json\/wp\/v2\/media\/98895"}],"wp:attachment":[{"href":"https:\/\/www.europesays.com\/lt\/wp-json\/wp\/v2\/media?parent=98894"}],"wp:term":[{"taxonomy":"category","embeddable":true,"href":"https:\/\/www.europesays.com\/lt\/wp-json\/wp\/v2\/categories?post=98894"},{"taxonomy":"post_tag","embeddable":true,"href":"https:\/\/www.europesays.com\/lt\/wp-json\/wp\/v2\/tags?post=98894"}],"curies":[{"name":"wp","href":"https:\/\/api.w.org\/{rel}","templated":true}]}}