{"id":99005,"date":"2026-02-04T23:08:15","date_gmt":"2026-02-04T23:08:15","guid":{"rendered":"https:\/\/www.europesays.com\/lt\/99005\/"},"modified":"2026-02-04T23:08:15","modified_gmt":"2026-02-04T23:08:15","slug":"rusijos-pajegos-apsaude-druzkivka-kasetiniais-saudmenimis-zuvo-septyni-zmones","status":"publish","type":"post","link":"https:\/\/www.europesays.com\/lt\/99005\/","title":{"rendered":"Rusijos paj\u0117gos ap\u0161aud\u0117 Dru\u017ekivk\u0105 kasetiniais \u0161audmenimis, \u017euvo septyni \u017emon\u0117s"},"content":{"rendered":"<p>\u201eJau \u017einoma, kad \u017euvo septyni \u017emon\u0117s, o a\u0161tuoni buvo su\u017eeisti (\u2026) rusai ap\u0161aud\u0117 miest\u0105 kasetiniais \u0161audmenimis, pataikydami tiesiai \u012f turg\u0173, kur rytais visada susirenka didel\u0117 \u017emoni\u0173 minia\u201c, \u2013 para\u0161\u0117 gubernatorius ir taip pat pa\u017eym\u0117jo, kad galutinis atakos auk\u0173 skai\u010dius dar nebuvo nustatytas.<\/p>\n<p>\u012evykio vietoje dirba visos atitinkamos tarnybos, kurios teikia pagalb\u0105 nukent\u0117jusiesiems ir likviduoja ap\u0161audymo padarinius. Pasak V. Fila\u0161kino, rusai ant Dru\u017ekivkos taip pat numet\u0117 dvi aviacines bombas. Buvo apgadinta pramon\u0117s zona, trys daugiabu\u010diai ir trys privat\u016bs namai.<\/p>\n<p>\u201eTai dar vienas ty\u010dinis karo nusikaltimas ir dar vienas \u012frodymas, kad visi Rusijos parei\u0161kimai apie \u201epaliaubas\u201c yra nieko verti\u201c, \u2013 pa\u017eym\u0117jo jis ir dar kart\u0105 paragino Donecko srities gyventojus evakuotis \u012f saugesnes vietas.<\/p>\n","protected":false},"excerpt":{"rendered":"\u201eJau \u017einoma, kad \u017euvo septyni \u017emon\u0117s, o a\u0161tuoni buvo su\u017eeisti (\u2026) rusai ap\u0161aud\u0117 miest\u0105 kasetiniais \u0161audmenimis, pataikydami tiesiai&hellip;\n","protected":false},"author":2,"featured_media":99006,"comment_status":"","ping_status":"","sticky":false,"template":"","format":"standard","meta":{"footnotes":"","_share_on_mastodon":"0"},"categories":[15],"tags":[25,30,31,9603,3346,34,35,24,32,33,37,39,36,38,40,23,22,44,28,29,119,26,27,360,74,75,76],"class_list":["post-99005","post","type-post","status-publish","format-standard","has-post-thumbnail","category-pasaulis","tag-antrastes","tag-breaking-news","tag-breakingnews","tag-doneckas","tag-elta-uzsienio-naujiena","tag-featured-news","tag-featurednews","tag-headlines","tag-latest-news","tag-latestnews","tag-lietuva","tag-lietuviu","tag-lithuania","tag-lithuanian","tag-lt","tag-naujienos","tag-news","tag-pasaulis","tag-populiariausios-naujienos","tag-populiariausiosnaujienos","tag-rusija","tag-top-stories","tag-topstories","tag-ukraina","tag-world","tag-world-news","tag-worldnews"],"share_on_mastodon":{"url":"https:\/\/pubeurope.com\/@lt\/116014881319542312","error":""},"_links":{"self":[{"href":"https:\/\/www.europesays.com\/lt\/wp-json\/wp\/v2\/posts\/99005","targetHints":{"allow":["GET"]}}],"collection":[{"href":"https:\/\/www.europesays.com\/lt\/wp-json\/wp\/v2\/posts"}],"about":[{"href":"https:\/\/www.europesays.com\/lt\/wp-json\/wp\/v2\/types\/post"}],"author":[{"embeddable":true,"href":"https:\/\/www.europesays.com\/lt\/wp-json\/wp\/v2\/users\/2"}],"replies":[{"embeddable":true,"href":"https:\/\/www.europesays.com\/lt\/wp-json\/wp\/v2\/comments?post=99005"}],"version-history":[{"count":0,"href":"https:\/\/www.europesays.com\/lt\/wp-json\/wp\/v2\/posts\/99005\/revisions"}],"wp:featuredmedia":[{"embeddable":true,"href":"https:\/\/www.europesays.com\/lt\/wp-json\/wp\/v2\/media\/99006"}],"wp:attachment":[{"href":"https:\/\/www.europesays.com\/lt\/wp-json\/wp\/v2\/media?parent=99005"}],"wp:term":[{"taxonomy":"category","embeddable":true,"href":"https:\/\/www.europesays.com\/lt\/wp-json\/wp\/v2\/categories?post=99005"},{"taxonomy":"post_tag","embeddable":true,"href":"https:\/\/www.europesays.com\/lt\/wp-json\/wp\/v2\/tags?post=99005"}],"curies":[{"name":"wp","href":"https:\/\/api.w.org\/{rel}","templated":true}]}}