{"id":11077,"count":1,"description":"","link":"https:\/\/www.europesays.com\/lt\/tag\/neringa-bliudziute\/","name":"Neringa Bli\u016bd\u017ei\u016bt\u0117","slug":"neringa-bliudziute","taxonomy":"post_tag","meta":[],"_links":{"self":[{"href":"https:\/\/www.europesays.com\/lt\/wp-json\/wp\/v2\/tags\/11077","targetHints":{"allow":["GET"]}}],"collection":[{"href":"https:\/\/www.europesays.com\/lt\/wp-json\/wp\/v2\/tags"}],"about":[{"href":"https:\/\/www.europesays.com\/lt\/wp-json\/wp\/v2\/taxonomies\/post_tag"}],"wp:post_type":[{"href":"https:\/\/www.europesays.com\/lt\/wp-json\/wp\/v2\/posts?tags=11077"}],"curies":[{"name":"wp","href":"https:\/\/api.w.org\/{rel}","templated":true}]}}