{"id":11209,"count":1,"description":"","link":"https:\/\/www.europesays.com\/lt\/tag\/vilniaus-sv-pranciskaus-asyziecio-bernardinu-baznycia\/","name":"Vilniaus \u0160v. Pranci\u0161kaus Asy\u017eie\u010dio (Bernardin\u0173) ba\u017eny\u010dia","slug":"vilniaus-sv-pranciskaus-asyziecio-bernardinu-baznycia","taxonomy":"post_tag","meta":[],"_links":{"self":[{"href":"https:\/\/www.europesays.com\/lt\/wp-json\/wp\/v2\/tags\/11209","targetHints":{"allow":["GET"]}}],"collection":[{"href":"https:\/\/www.europesays.com\/lt\/wp-json\/wp\/v2\/tags"}],"about":[{"href":"https:\/\/www.europesays.com\/lt\/wp-json\/wp\/v2\/taxonomies\/post_tag"}],"wp:post_type":[{"href":"https:\/\/www.europesays.com\/lt\/wp-json\/wp\/v2\/posts?tags=11209"}],"curies":[{"name":"wp","href":"https:\/\/api.w.org\/{rel}","templated":true}]}}