{"id":15401,"count":1,"description":"","link":"https:\/\/www.europesays.com\/lt\/tag\/tikra-sajudzio-istorija\/","name":"Tikra S\u0105j\u016bd\u017eio istorija","slug":"tikra-sajudzio-istorija","taxonomy":"post_tag","meta":[],"_links":{"self":[{"href":"https:\/\/www.europesays.com\/lt\/wp-json\/wp\/v2\/tags\/15401","targetHints":{"allow":["GET"]}}],"collection":[{"href":"https:\/\/www.europesays.com\/lt\/wp-json\/wp\/v2\/tags"}],"about":[{"href":"https:\/\/www.europesays.com\/lt\/wp-json\/wp\/v2\/taxonomies\/post_tag"}],"wp:post_type":[{"href":"https:\/\/www.europesays.com\/lt\/wp-json\/wp\/v2\/posts?tags=15401"}],"curies":[{"name":"wp","href":"https:\/\/api.w.org\/{rel}","templated":true}]}}