{"id":1789,"count":3,"description":"","link":"https:\/\/www.europesays.com\/lt\/tag\/nacionaline-m-k-ciurlionio-menu-mokykla\/","name":"Nacionalin\u0117 M. K. \u010ciurlionio men\u0173 mokykla","slug":"nacionaline-m-k-ciurlionio-menu-mokykla","taxonomy":"post_tag","meta":[],"_links":{"self":[{"href":"https:\/\/www.europesays.com\/lt\/wp-json\/wp\/v2\/tags\/1789","targetHints":{"allow":["GET"]}}],"collection":[{"href":"https:\/\/www.europesays.com\/lt\/wp-json\/wp\/v2\/tags"}],"about":[{"href":"https:\/\/www.europesays.com\/lt\/wp-json\/wp\/v2\/taxonomies\/post_tag"}],"wp:post_type":[{"href":"https:\/\/www.europesays.com\/lt\/wp-json\/wp\/v2\/posts?tags=1789"}],"curies":[{"name":"wp","href":"https:\/\/api.w.org\/{rel}","templated":true}]}}