{"id":3869,"count":1,"description":"","link":"https:\/\/www.europesays.com\/lt\/tag\/kretingos-viespaties-apreiskimo-svc-mergelei-marijai-baznycia\/","name":"Kretingos Vie\u0161paties Aprei\u0161kimo \u0160v\u010d. Mergelei Marijai ba\u017eny\u010dia","slug":"kretingos-viespaties-apreiskimo-svc-mergelei-marijai-baznycia","taxonomy":"post_tag","meta":[],"_links":{"self":[{"href":"https:\/\/www.europesays.com\/lt\/wp-json\/wp\/v2\/tags\/3869","targetHints":{"allow":["GET"]}}],"collection":[{"href":"https:\/\/www.europesays.com\/lt\/wp-json\/wp\/v2\/tags"}],"about":[{"href":"https:\/\/www.europesays.com\/lt\/wp-json\/wp\/v2\/taxonomies\/post_tag"}],"wp:post_type":[{"href":"https:\/\/www.europesays.com\/lt\/wp-json\/wp\/v2\/posts?tags=3869"}],"curies":[{"name":"wp","href":"https:\/\/api.w.org\/{rel}","templated":true}]}}