{"id":3882,"count":1,"description":"","link":"https:\/\/www.europesays.com\/lt\/tag\/svc-sirdies-pranciskones-misionieres\/","name":"\u0160v\u010d. \u0160irdies pranci\u0161kon\u0117s misionier\u0117s","slug":"svc-sirdies-pranciskones-misionieres","taxonomy":"post_tag","meta":[],"_links":{"self":[{"href":"https:\/\/www.europesays.com\/lt\/wp-json\/wp\/v2\/tags\/3882","targetHints":{"allow":["GET"]}}],"collection":[{"href":"https:\/\/www.europesays.com\/lt\/wp-json\/wp\/v2\/tags"}],"about":[{"href":"https:\/\/www.europesays.com\/lt\/wp-json\/wp\/v2\/taxonomies\/post_tag"}],"wp:post_type":[{"href":"https:\/\/www.europesays.com\/lt\/wp-json\/wp\/v2\/posts?tags=3882"}],"curies":[{"name":"wp","href":"https:\/\/api.w.org\/{rel}","templated":true}]}}