{"id":3889,"count":1,"description":"","link":"https:\/\/www.europesays.com\/lt\/tag\/svc-mergeles-marijos-nepaliaujamos-pagalbos-sv-pranciskaus-seseru-kongregacija\/","name":"\u0160v\u010d. Mergel\u0117s Marijos Nepaliaujamos Pagalbos \u0161v. Pranci\u0161kaus seser\u0173 kongregacija","slug":"svc-mergeles-marijos-nepaliaujamos-pagalbos-sv-pranciskaus-seseru-kongregacija","taxonomy":"post_tag","meta":[],"_links":{"self":[{"href":"https:\/\/www.europesays.com\/lt\/wp-json\/wp\/v2\/tags\/3889","targetHints":{"allow":["GET"]}}],"collection":[{"href":"https:\/\/www.europesays.com\/lt\/wp-json\/wp\/v2\/tags"}],"about":[{"href":"https:\/\/www.europesays.com\/lt\/wp-json\/wp\/v2\/taxonomies\/post_tag"}],"wp:post_type":[{"href":"https:\/\/www.europesays.com\/lt\/wp-json\/wp\/v2\/posts?tags=3889"}],"curies":[{"name":"wp","href":"https:\/\/api.w.org\/{rel}","templated":true}]}}