{"id":4203,"count":3,"description":"","link":"https:\/\/www.europesays.com\/lt\/tag\/darbuotojai-is-treciuju-saliu\/","name":"darbuotojai i\u0161 tre\u010di\u0173j\u0173 \u0161ali\u0173","slug":"darbuotojai-is-treciuju-saliu","taxonomy":"post_tag","meta":[],"_links":{"self":[{"href":"https:\/\/www.europesays.com\/lt\/wp-json\/wp\/v2\/tags\/4203","targetHints":{"allow":["GET"]}}],"collection":[{"href":"https:\/\/www.europesays.com\/lt\/wp-json\/wp\/v2\/tags"}],"about":[{"href":"https:\/\/www.europesays.com\/lt\/wp-json\/wp\/v2\/taxonomies\/post_tag"}],"wp:post_type":[{"href":"https:\/\/www.europesays.com\/lt\/wp-json\/wp\/v2\/posts?tags=4203"}],"curies":[{"name":"wp","href":"https:\/\/api.w.org\/{rel}","templated":true}]}}