{"id":5353,"count":3,"description":"","link":"https:\/\/www.europesays.com\/lt\/tag\/lietuvos-sauliu-sajunga\/","name":"Lietuvos \u0161auli\u0173 s\u0105junga","slug":"lietuvos-sauliu-sajunga","taxonomy":"post_tag","meta":[],"_links":{"self":[{"href":"https:\/\/www.europesays.com\/lt\/wp-json\/wp\/v2\/tags\/5353","targetHints":{"allow":["GET"]}}],"collection":[{"href":"https:\/\/www.europesays.com\/lt\/wp-json\/wp\/v2\/tags"}],"about":[{"href":"https:\/\/www.europesays.com\/lt\/wp-json\/wp\/v2\/taxonomies\/post_tag"}],"wp:post_type":[{"href":"https:\/\/www.europesays.com\/lt\/wp-json\/wp\/v2\/posts?tags=5353"}],"curies":[{"name":"wp","href":"https:\/\/api.w.org\/{rel}","templated":true}]}}