{"id":7402,"count":1,"description":"","link":"https:\/\/www.europesays.com\/lt\/tag\/lietuvos-lenku-rinkimu-akcija-krikscionisku-seimu-sajunga\/","name":"Lietuvos lenk\u0173 rinkim\u0173 akcija-krik\u0161\u010dioni\u0161k\u0173 \u0161eim\u0173 s\u0105junga","slug":"lietuvos-lenku-rinkimu-akcija-krikscionisku-seimu-sajunga","taxonomy":"post_tag","meta":[],"_links":{"self":[{"href":"https:\/\/www.europesays.com\/lt\/wp-json\/wp\/v2\/tags\/7402","targetHints":{"allow":["GET"]}}],"collection":[{"href":"https:\/\/www.europesays.com\/lt\/wp-json\/wp\/v2\/tags"}],"about":[{"href":"https:\/\/www.europesays.com\/lt\/wp-json\/wp\/v2\/taxonomies\/post_tag"}],"wp:post_type":[{"href":"https:\/\/www.europesays.com\/lt\/wp-json\/wp\/v2\/posts?tags=7402"}],"curies":[{"name":"wp","href":"https:\/\/api.w.org\/{rel}","templated":true}]}}