{"id":9032,"count":1,"description":"","link":"https:\/\/www.europesays.com\/lt\/tag\/asmeniniu-duomenu-vagystes\/","name":"asmenini\u0173 duomen\u0173 vagyst\u0117s","slug":"asmeniniu-duomenu-vagystes","taxonomy":"post_tag","meta":[],"_links":{"self":[{"href":"https:\/\/www.europesays.com\/lt\/wp-json\/wp\/v2\/tags\/9032","targetHints":{"allow":["GET"]}}],"collection":[{"href":"https:\/\/www.europesays.com\/lt\/wp-json\/wp\/v2\/tags"}],"about":[{"href":"https:\/\/www.europesays.com\/lt\/wp-json\/wp\/v2\/taxonomies\/post_tag"}],"wp:post_type":[{"href":"https:\/\/www.europesays.com\/lt\/wp-json\/wp\/v2\/posts?tags=9032"}],"curies":[{"name":"wp","href":"https:\/\/api.w.org\/{rel}","templated":true}]}}