{"id":9218,"count":1,"description":"","link":"https:\/\/www.europesays.com\/lt\/tag\/sv-jurgio-baznycia\/","name":"\u0160v. Jurgio ba\u017eny\u010dia","slug":"sv-jurgio-baznycia","taxonomy":"post_tag","meta":[],"_links":{"self":[{"href":"https:\/\/www.europesays.com\/lt\/wp-json\/wp\/v2\/tags\/9218","targetHints":{"allow":["GET"]}}],"collection":[{"href":"https:\/\/www.europesays.com\/lt\/wp-json\/wp\/v2\/tags"}],"about":[{"href":"https:\/\/www.europesays.com\/lt\/wp-json\/wp\/v2\/taxonomies\/post_tag"}],"wp:post_type":[{"href":"https:\/\/www.europesays.com\/lt\/wp-json\/wp\/v2\/posts?tags=9218"}],"curies":[{"name":"wp","href":"https:\/\/api.w.org\/{rel}","templated":true}]}}