{"id":12540,"date":"2026-08-10T14:10:15","date_gmt":"2026-08-10T14:10:15","guid":{"rendered":"https:\/\/www.europesays.com\/lu-de\/12540\/"},"modified":"2026-08-10T14:10:15","modified_gmt":"2026-08-10T14:10:15","slug":"die-vietnamesische-nationalmannschaft-rueckt-in-der-fifa-weltrangliste-immer-naeher-an-luxemburg-heran","status":"publish","type":"post","link":"https:\/\/www.europesays.com\/lu-de\/12540\/","title":{"rendered":"Die vietnamesische Nationalmannschaft r\u00fcckt in der FIFA-Weltrangliste immer n\u00e4her an Luxemburg heran."},"content":{"rendered":"<p><img decoding=\"async\" style=\"cursor:pointer\" class=\"cms-photo\" src=\"https:\/\/www.europesays.com\/lu-de\/wp-content\/uploads\/2026\/08\/1786351651468_763120243-1548954156971267-4643323045878853323-n-8521-8718-jfif.webp\" alt=\"Die vietnamesische Nationalmannschaft konnte ihre Leistung nach dem Erfolg beim ASEAN Cup 2026 deutlich steigern. Foto: ANH KHOA\" cms-photo-caption=\"\u0110\u1ed9i tuy\u1ec3n Vi\u1ec7t Nam c\u1ea3i thi\u1ec7n t\u1ed1t th\u00e0nh t\u00edch t\u1eeb th\u00e0nh c\u00f4ng t\u1ea1i ASEAN Cup 2026. \u1ea2nh: ANH KHOA\"\/> Die vietnamesische Nationalmannschaft konnte ihre Leistung nach dem Erfolg beim <a class=\"data-link\" data-org-href=\"https:\/\/www.vietnam.vn\/de\/tag\/asean-cup-2026\" href=\"https:\/\/www.vietnam.vn\/de\/tag\/asean-cup-2026\" title=\"ASEAN-Pokal 2026\" target=\"_blank\" rel=\"nofollow noopener\">ASEAN Cup 2026<\/a> deutlich steigern. Foto: ANH KHOA <\/p>\n<p style=\"text-align: justify;\"> Der 3:1-Sieg gegen Kambodscha brachte die vietnamesische Nationalmannschaft nicht nur an die Spitze der Gruppe A im ASEAN-Cup 2026, sondern bescherte dem Team von Trainer Kim Sang-sik auch weitere 1,17 Punkte und damit insgesamt 1.230,67 Punkte in der FIFA-Weltrangliste. Durch diesen Erfolg konnte der Abstand zu Luxemburg auf gut zwei Punkte verk\u00fcrzt werden.<\/p>\n<p style=\"text-align: justify;\"> Laut Statistiken der Fu\u00dfball-Ranking-Website (basierend auf der Punkteberechnungsmethode der FIFA) erzielte die vietnamesische Nationalmannschaft beim ASEAN Cup 2026 dank ihrer drei Siege und einem Unentschieden 3,47 Punkte. Die der vietnamesischen Mannschaft zuerkannten Punkte variierten je nach Spiel: Sieg gegen Timor-Leste (0,9 Punkte), Unentschieden gegen <a class=\"data-link\" data-org-href=\"https:\/\/www.vietnam.vn\/de\/tag\/singapore\" href=\"https:\/\/www.vietnam.vn\/de\/tag\/singapore\" title=\"Singapur\" target=\"_blank\" rel=\"nofollow noopener\">Singapur<\/a> (minus 0,77 Punkte), Sieg gegen Indonesien (2,81 Punkte), Sieg gegen Kambodscha (1,17 Punkte).<\/p>\n<p>Das k\u00f6nnte Sie interessieren<\/p>\n<p style=\"text-align: justify;\"> Das vom S\u00fcdostasiatischen Fu\u00dfballverband organisierte Turnier ist von der FIFA anerkannt und flie\u00dft seit 2016 in die FIFA-Weltrangliste ein. Da es jedoch nicht Teil des FIFA-Tage-Systems ist, erh\u00e4lt jedes Spiel nur einen Koeffizienten von 5, im Gegensatz zum Koeffizienten von 10, der f\u00fcr offizielle internationale Freundschaftsspiele im FIFA-Kalender gilt. Mit einer guten Leistung in der n\u00e4chsten Runde hofft die vietnamesische Mannschaft, ihre Punktzahl zu verbessern und Luxemburg zu \u00fcberholen. <\/p>\n<p><img loading=\"lazy\" decoding=\"async\" style=\"cursor:pointer\" id=\"1785868\" alt=\"755694465_27522221987406319_5278685338338060563_n.jpg\" data-width=\"1629\" data-height=\"1178\" data-image-id=\"1785868\" class=\"lazyload cms-photo\" src=\"https:\/\/www.europesays.com\/lu-de\/wp-content\/uploads\/2026\/08\/755694465-27522221987406319-5278685338338060563-n-336-5657.jpg.webp\" width=\"1000\" height=\"723\"\/><\/p>\n<p style=\"text-align: justify;\"> Dank ihrer makellosen Bilanz mit vier Siegen in der Gruppenphase gewann <a class=\"data-link\" data-org-href=\"https:\/\/www.vietnam.vn\/de\/tag\/thai-lan\" href=\"https:\/\/www.vietnam.vn\/de\/tag\/thai-lan\" title=\"Thailand\" target=\"_blank\" rel=\"nofollow noopener\">Thailand<\/a> 5,94 Punkte und kletterte in der Weltrangliste um vier Pl\u00e4tze auf Rang 90. Dies ist die beste Platzierung der thail\u00e4ndischen Nationalmannschaft seit M\u00e4rz 2008 (als sie ebenfalls auf Platz 90 stand).<\/p>\n<p>Das k\u00f6nnte Sie interessieren<\/p>\n<p style=\"text-align: justify;\"> Unmittelbar im Anschluss an den ASEAN Cup treten s\u00fcdostasiatische Mannschaften beim FIFA ASEAN Cup 2026 gegeneinander an. Das Turnier erregt aufgrund der Qualit\u00e4t der eingeladenen Mannschaften, des betr\u00e4chtlichen Preisgeldes und der M\u00f6glichkeit, durch die Austragung im Rahmen der FIFA Days h\u00f6here Weltranglistenpunkte zu erzielen, gro\u00dfe Aufmerksamkeit.<\/p>\n<p> LE ANH <\/p>\n<p class=\"mb-0\"> Quelle: https:\/\/thethao.sggp.org.vn\/doi-tuyen-viet-nam-ap-sat-luxembourg-tren-bang-xep-hang-fifa-post866380.html<\/p>\n","protected":false},"excerpt":{"rendered":"Die vietnamesische Nationalmannschaft konnte ihre Leistung nach dem Erfolg beim ASEAN Cup 2026 deutlich steigern. Foto: ANH KHOA&hellip;\n","protected":false},"author":2,"featured_media":12541,"comment_status":"","ping_status":"","sticky":false,"template":"","format":"standard","meta":{"footnotes":""},"categories":[4],"tags":[3300,3302,3301,2893,3303,3304,3306,3299,3305,5],"class_list":["post-12540","post","type-post","status-publish","format-standard","has-post-thumbnail","category-luxemburg","tag-asean-pokal","tag-asean-pokal-2026","tag-bhx","tag-fifa","tag-fifa-asean-pokal-2026","tag-fifa-tage","tag-fifa-weltrangliste","tag-fussballverband","tag-kim-sang-sik","tag-luxemburg"],"share_on_mastodon":{"url":"https:\/\/pubeurope.com\/@lu_de\/117071618100615248","error":""},"_links":{"self":[{"href":"https:\/\/www.europesays.com\/lu-de\/wp-json\/wp\/v2\/posts\/12540","targetHints":{"allow":["GET"]}}],"collection":[{"href":"https:\/\/www.europesays.com\/lu-de\/wp-json\/wp\/v2\/posts"}],"about":[{"href":"https:\/\/www.europesays.com\/lu-de\/wp-json\/wp\/v2\/types\/post"}],"author":[{"embeddable":true,"href":"https:\/\/www.europesays.com\/lu-de\/wp-json\/wp\/v2\/users\/2"}],"replies":[{"embeddable":true,"href":"https:\/\/www.europesays.com\/lu-de\/wp-json\/wp\/v2\/comments?post=12540"}],"version-history":[{"count":0,"href":"https:\/\/www.europesays.com\/lu-de\/wp-json\/wp\/v2\/posts\/12540\/revisions"}],"wp:featuredmedia":[{"embeddable":true,"href":"https:\/\/www.europesays.com\/lu-de\/wp-json\/wp\/v2\/media\/12541"}],"wp:attachment":[{"href":"https:\/\/www.europesays.com\/lu-de\/wp-json\/wp\/v2\/media?parent=12540"}],"wp:term":[{"taxonomy":"category","embeddable":true,"href":"https:\/\/www.europesays.com\/lu-de\/wp-json\/wp\/v2\/categories?post=12540"},{"taxonomy":"post_tag","embeddable":true,"href":"https:\/\/www.europesays.com\/lu-de\/wp-json\/wp\/v2\/tags?post=12540"}],"curies":[{"name":"wp","href":"https:\/\/api.w.org\/{rel}","templated":true}]}}