{"id":13399,"date":"2026-08-28T11:35:13","date_gmt":"2026-08-28T11:35:13","guid":{"rendered":"https:\/\/www.europesays.com\/lu-de\/13399\/"},"modified":"2026-08-28T11:35:13","modified_gmt":"2026-08-28T11:35:13","slug":"luxemburg-bekommt-erstmals-direktflug-in-die-usa-taeglich-nach-new-york","status":"publish","type":"post","link":"https:\/\/www.europesays.com\/lu-de\/13399\/","title":{"rendered":"Luxemburg bekommt erstmals Direktflug in die USA: T\u00e4glich nach New York"},"content":{"rendered":"<p>\n\t28.08.2026 um 12:43 Uhr |\t<\/p>\n<p>Lesedauer: 1 min<\/p>\n<p>Luxemburg bekommt erstmals eine direkte Flugverbindung in die Vereinigten Staaten. Die US-Fluggesellschaft United Airlines nimmt im kommenden Fr\u00fchjahr eine t\u00e4gliche Verbindung zwischen dem Flughafen Luxemburg und Newark bei New York auf. Das teilten die Fluggesellschaft und der Airport mit.<\/p>\n<p>Der erste Flug ist f\u00fcr den 2. April 2027 geplant. Anschlie\u00dfend soll die Strecke t\u00e4glich in beide Richtungen bedient werden. Zum Einsatz kommt ein Airbus A321XLR, der speziell f\u00fcr l\u00e4ngere Strecken ausgelegt ist.<\/p>\n<p>F\u00fcr den Luxemburger Flughafen ist die neue Verbindung eine Premiere: Newark wird nach Angaben des Airports das erste Ziel auf dem amerikanischen Kontinent sein, das von Luxemburg aus ohne Zwischenstopp erreichbar ist.<\/p>\n<p>Newark Liberty International Airport liegt im US-Bundesstaat New Jersey und geh\u00f6rt zu den drei gro\u00dfen Flugh\u00e4fen der Metropolregion New York. Damit erh\u00e4lt Luxemburg erstmals eine direkte Anbindung an die US-Ostk\u00fcste.<\/p>\n<p>Die neue Strecke ist Teil einer gr\u00f6\u00dferen Expansion von United Airlines. F\u00fcr die Sommersaison 2027 hat die US-Fluggesellschaft zehn neue internationale Verbindungen angek\u00fcndigt, die \u00fcberwiegend nach Europa f\u00fchren.<\/p>\n<p>Auch Belgien ist bereits an das United-Drehkreuz in Newark angebunden: Zwischen dem Landesflughafen in Zavente, auch Brussels Airport genannt, und Newark bietet die Fluggesellschaft ebenfalls t\u00e4glich eine Direktverbindung an. (belga\/cal\u00fc)<\/p>\n","protected":false},"excerpt":{"rendered":"28.08.2026 um 12:43 Uhr | Lesedauer: 1 min Luxemburg bekommt erstmals eine direkte Flugverbindung in die Vereinigten Staaten.&hellip;\n","protected":false},"author":2,"featured_media":13400,"comment_status":"","ping_status":"","sticky":false,"template":"","format":"standard","meta":{"footnotes":""},"categories":[4],"tags":[3567,3510,3568,5,3569],"class_list":["post-13399","post","type-post","status-publish","format-standard","has-post-thumbnail","category-luxemburg","tag-bekommt","tag-direktflug","tag-erstmals","tag-luxemburg","tag-taeglich"],"share_on_mastodon":{"url":"https:\/\/pubeurope.com\/@lu_de\/117172930175029949","error":""},"_links":{"self":[{"href":"https:\/\/www.europesays.com\/lu-de\/wp-json\/wp\/v2\/posts\/13399","targetHints":{"allow":["GET"]}}],"collection":[{"href":"https:\/\/www.europesays.com\/lu-de\/wp-json\/wp\/v2\/posts"}],"about":[{"href":"https:\/\/www.europesays.com\/lu-de\/wp-json\/wp\/v2\/types\/post"}],"author":[{"embeddable":true,"href":"https:\/\/www.europesays.com\/lu-de\/wp-json\/wp\/v2\/users\/2"}],"replies":[{"embeddable":true,"href":"https:\/\/www.europesays.com\/lu-de\/wp-json\/wp\/v2\/comments?post=13399"}],"version-history":[{"count":0,"href":"https:\/\/www.europesays.com\/lu-de\/wp-json\/wp\/v2\/posts\/13399\/revisions"}],"wp:featuredmedia":[{"embeddable":true,"href":"https:\/\/www.europesays.com\/lu-de\/wp-json\/wp\/v2\/media\/13400"}],"wp:attachment":[{"href":"https:\/\/www.europesays.com\/lu-de\/wp-json\/wp\/v2\/media?parent=13399"}],"wp:term":[{"taxonomy":"category","embeddable":true,"href":"https:\/\/www.europesays.com\/lu-de\/wp-json\/wp\/v2\/categories?post=13399"},{"taxonomy":"post_tag","embeddable":true,"href":"https:\/\/www.europesays.com\/lu-de\/wp-json\/wp\/v2\/tags?post=13399"}],"curies":[{"name":"wp","href":"https:\/\/api.w.org\/{rel}","templated":true}]}}