{"id":13484,"date":"2026-08-31T07:17:11","date_gmt":"2026-08-31T07:17:11","guid":{"rendered":"https:\/\/www.europesays.com\/lu-de\/13484\/"},"modified":"2026-08-31T07:17:11","modified_gmt":"2026-08-31T07:17:11","slug":"tageblatt-lu-fussball-luxemburger-im-ausland-luc-holtz-tritt-auf-der-stelle-und-vincent-thill-trifft","status":"publish","type":"post","link":"https:\/\/www.europesays.com\/lu-de\/13484\/","title":{"rendered":"Tageblatt.lu | Fu\u00dfball | Luxemburger im Ausland: Luc Holtz tritt auf der Stelle und Vincent Thill trifft"},"content":{"rendered":"<p>&#13;<br \/>\n            In der Startelf: F\u00fcr Anthony Moris begann das Wochenende bereits am Freitag. Al-Khaleej empfing Al-Hilal und musste sich deutlich mit 1:5 geschlagen geben. Moris stand im Tor und bekam gegen die mit Stars gespickte Mannschaft von Al-Hilal reichlich Arbeit. Laurent Jans stand am Freitagabend mit Beveren in Genk auf dem Platz. Nach dem bereits deutlichen 0:4 gegen Zulte musste Beveren erneut eine 0:4-Niederlage hinnehmen. <\/p>\n<p>Sampdoria Genua empfing am Samstagabend Juve Stabia und verlor 1:2. Danel Sinani stand bis zur 87. Minute auf dem Platz. <\/p>\n<p>In der dritten deutschen Liga gelang Hansa Rostock ein 4:2-Sieg beim 1. FC Saarbr\u00fccken. Florian Bohnert stand gegen seinen Ex-Verein 61 Minuten auf dem Platz. Vincent Thill konnte sich \u00fcber sein zweites Saisontor freuen. Gegen Havelse traf er in der 23. Minute. Trotz 2:0-F\u00fchrung unterlag Waldhof Mannheim dem TSV Havelse mit 2:3. <\/p>\n<p>Zu einem ersten gemeinsamen Spiel kam es f\u00fcr Dirk Carlson und Enes Mahmutovic an diesem Wochenende noch nicht. Dinamo Batumis Neuzugang Mahmutovic stand nicht im Kader, w\u00e4hrend Carlson beim 3:0-Sieg gegen FC Spaeri Teil der Anfangself war. <\/p>\n<p>&#13;<br \/>\n            Eingewechselt: Beim 2:0-Sieg des 1. FC Magdeburg gegen Holstein Kiel wurde Eldin Dzogovic in der 66. Minute eingewechselt. <\/p>\n<p>&#13;<br \/>\n            Nicht im Einsatz: Marcos Peano hat La Louvi\u00e8re noch immer nicht verlassen, weshalb Tiago Pereira noch immer auf seinen ersten Einsatz f\u00fcr seinen neuen Verein wartet. Am Samstag sa\u00df der 20-J\u00e4hrige wieder auf der Trib\u00fcne. Seid Korac (Hellas Verona) musste auch an diesem Wochenende mit der Bank vorliebnehmen. Auch Aiman Dardari (Rot-Weiss Essen) und Miguel Gon\u00e7alves (Fortuna D\u00fcsseldorf) wurden nicht eingewechselt. <\/p>\n<p>Trainer Luc Holtz und der FC Metz kommen nicht von der Stelle. Gegen Annecy (1:1) gab es das dritte Unentschieden in Folge. Der 16\u2011j\u00e4hrige Hamza Kadamani wurde dieses Mal nicht eingewechselt. <\/p>\n<p>&#13;<br \/>\n            Bei den Frauen: Laura Miller und der 1. FC N\u00fcrnberg holten gegen Eintracht Frankfurt einen Punkt in der ersten deutschen Bundesliga (1:1). <\/p>\n<p>&#13;<br \/>\n            Am Montag: Wegen ihres Europapokaleinsatzes wurden die Spiele von Vahid Selimovic und Leandro Barreiro auf Montag verlegt. Iberia Tiflis trifft auf den FC Gagra und Benfica Lissabon bekommt es mit Estoril zu tun. Laut portugiesischen Medienberichten soll Benfica eine Offerte in H\u00f6he von 16 Millionen Euro vom saudischen Klub Al Ittihad f\u00fcr Barreiro abgelehnt haben. <\/p>\n<p>&#13;<br \/>\n            Vereinslos: Mica Pinto, Edvin Muratovic und Lucas Fox sind nach wie vor auf der Suche nach einem neuen Arbeitgeber. <\/p>\n<p>&#13;<br \/>\n            Verletzt: Mathias Olesen (S\u00f8nderjyske) f\u00e4llt weiterhin wegen seiner Sprunggelenkverletzung aus. Enzo dos Santos (Borussia Dortmund) befindet sich im Aufbau und verpasste den Bundesliga-Auftakt. Auch Christopher Martins (Spartak Moskau) konnte noch nicht auf den Platz zur\u00fcckkehren. <\/p>\n","protected":false},"excerpt":{"rendered":"&#13; In der Startelf: F\u00fcr Anthony Moris begann das Wochenende bereits am Freitag. Al-Khaleej empfing Al-Hilal und musste&hellip;\n","protected":false},"author":2,"featured_media":13485,"comment_status":"","ping_status":"","sticky":false,"template":"","format":"standard","meta":{"footnotes":""},"categories":[4],"tags":[148,3294,5,3293],"class_list":["post-13484","post","type-post","status-publish","format-standard","has-post-thumbnail","category-luxemburg","tag-fuball","tag-luc-holtz","tag-luxemburg","tag-vincent-thill"],"share_on_mastodon":{"url":"https:\/\/pubeurope.com\/@lu_de\/117188902446726300","error":""},"_links":{"self":[{"href":"https:\/\/www.europesays.com\/lu-de\/wp-json\/wp\/v2\/posts\/13484","targetHints":{"allow":["GET"]}}],"collection":[{"href":"https:\/\/www.europesays.com\/lu-de\/wp-json\/wp\/v2\/posts"}],"about":[{"href":"https:\/\/www.europesays.com\/lu-de\/wp-json\/wp\/v2\/types\/post"}],"author":[{"embeddable":true,"href":"https:\/\/www.europesays.com\/lu-de\/wp-json\/wp\/v2\/users\/2"}],"replies":[{"embeddable":true,"href":"https:\/\/www.europesays.com\/lu-de\/wp-json\/wp\/v2\/comments?post=13484"}],"version-history":[{"count":0,"href":"https:\/\/www.europesays.com\/lu-de\/wp-json\/wp\/v2\/posts\/13484\/revisions"}],"wp:featuredmedia":[{"embeddable":true,"href":"https:\/\/www.europesays.com\/lu-de\/wp-json\/wp\/v2\/media\/13485"}],"wp:attachment":[{"href":"https:\/\/www.europesays.com\/lu-de\/wp-json\/wp\/v2\/media?parent=13484"}],"wp:term":[{"taxonomy":"category","embeddable":true,"href":"https:\/\/www.europesays.com\/lu-de\/wp-json\/wp\/v2\/categories?post=13484"},{"taxonomy":"post_tag","embeddable":true,"href":"https:\/\/www.europesays.com\/lu-de\/wp-json\/wp\/v2\/tags?post=13484"}],"curies":[{"name":"wp","href":"https:\/\/api.w.org\/{rel}","templated":true}]}}