{"id":13498,"date":"2026-08-31T12:50:11","date_gmt":"2026-08-31T12:50:11","guid":{"rendered":"https:\/\/www.europesays.com\/lu-de\/13498\/"},"modified":"2026-08-31T12:50:11","modified_gmt":"2026-08-31T12:50:11","slug":"tageblatt-lu-fokus-auf-papier-und-buecher-comedy-literatur-und-diktat-das-erwartet-das-publikum-bei-den-veiner-pabeier","status":"publish","type":"post","link":"https:\/\/www.europesays.com\/lu-de\/13498\/","title":{"rendered":"Tageblatt.lu | Fokus auf Papier und B\u00fccher | Comedy, Literatur und Diktat: Das erwartet das Publikum bei den \u201eVeiner Pabeier"},"content":{"rendered":"<p>Aus den einstigen reinen B\u00fcchertagen wurden vor neun Jahren die \u201eVeiner Pabeier- a B\u00e9icherdeeg\u201c. Federf\u00fchrend war und ist hier die Vereinigung \u201eLes amis du ch\u00e2teau de Vianden\u201c. Auf der Internetseite des Naturparks Our steht dazu unter anderem Folgendes zu lesen: \u201eF\u00fcr Vianden die Identit\u00e4t \u201aCit\u00e9 litt\u00e9raire\u2018 zu entwickeln, lag eigentlich auf der Hand. Victor Hugo f\u00fchlte sich hier wohl, der Nationalkomponist Edmond de la Fontaine, genannt Dicks, lebte und arbeitete hier, und Ren\u00e9 Engelmann, in Fachkreisen als Literat gesch\u00e4tzt, war geb\u00fcrtiger Viandener. Der 200. Geburtstag Victor Hugos mit der Neuer\u00f6ffnung des Museums war der ideale Moment, um sich verst\u00e4rkt dem Thema Literatur zu widmen.\u201c <\/p>\n<p>      &#13;<br \/>\n          Papier im Fokus <\/p>\n","protected":false},"excerpt":{"rendered":"Aus den einstigen reinen B\u00fcchertagen wurden vor neun Jahren die \u201eVeiner Pabeier- a B\u00e9icherdeeg\u201c. Federf\u00fchrend war und ist&hellip;\n","protected":false},"author":2,"featured_media":13499,"comment_status":"","ping_status":"","sticky":false,"template":"","format":"standard","meta":{"footnotes":""},"categories":[4],"tags":[1278,3597,5,3596,805],"class_list":["post-13498","post","type-post","status-publish","format-standard","has-post-thumbnail","category-luxemburg","tag-sling","tag-bcher","tag-luxemburg","tag-papier","tag-vianden"],"share_on_mastodon":{"url":"https:\/\/pubeurope.com\/@lu_de\/117190211956703199","error":""},"_links":{"self":[{"href":"https:\/\/www.europesays.com\/lu-de\/wp-json\/wp\/v2\/posts\/13498","targetHints":{"allow":["GET"]}}],"collection":[{"href":"https:\/\/www.europesays.com\/lu-de\/wp-json\/wp\/v2\/posts"}],"about":[{"href":"https:\/\/www.europesays.com\/lu-de\/wp-json\/wp\/v2\/types\/post"}],"author":[{"embeddable":true,"href":"https:\/\/www.europesays.com\/lu-de\/wp-json\/wp\/v2\/users\/2"}],"replies":[{"embeddable":true,"href":"https:\/\/www.europesays.com\/lu-de\/wp-json\/wp\/v2\/comments?post=13498"}],"version-history":[{"count":0,"href":"https:\/\/www.europesays.com\/lu-de\/wp-json\/wp\/v2\/posts\/13498\/revisions"}],"wp:featuredmedia":[{"embeddable":true,"href":"https:\/\/www.europesays.com\/lu-de\/wp-json\/wp\/v2\/media\/13499"}],"wp:attachment":[{"href":"https:\/\/www.europesays.com\/lu-de\/wp-json\/wp\/v2\/media?parent=13498"}],"wp:term":[{"taxonomy":"category","embeddable":true,"href":"https:\/\/www.europesays.com\/lu-de\/wp-json\/wp\/v2\/categories?post=13498"},{"taxonomy":"post_tag","embeddable":true,"href":"https:\/\/www.europesays.com\/lu-de\/wp-json\/wp\/v2\/tags?post=13498"}],"curies":[{"name":"wp","href":"https:\/\/api.w.org\/{rel}","templated":true}]}}