{"id":13510,"date":"2026-08-31T16:14:12","date_gmt":"2026-08-31T16:14:12","guid":{"rendered":"https:\/\/www.europesays.com\/lu-de\/13510\/"},"modified":"2026-08-31T16:14:12","modified_gmt":"2026-08-31T16:14:12","slug":"tageblatt-lu-onlinebezahlung-wero-soll-ab-september-payconiq-in-luxemburg-schrittweise-ersetzen","status":"publish","type":"post","link":"https:\/\/www.europesays.com\/lu-de\/13510\/","title":{"rendered":"Tageblatt.lu | Onlinebezahlung | Wero soll ab September Payconiq in Luxemburg schrittweise ersetzen"},"content":{"rendered":"<p>Payconiq geht, Wero kommt. Die neue App soll in der EU als Konkurrenz zu US\u2011amerikanischen L\u00f6sungen wie Paypal oder Visa Marktanteile gewinnen. F\u00fcr Nutzer \u00e4ndert sich im Alltag zun\u00e4chst wenig: Geld senden und empfangen, in Gesch\u00e4ften oder online bezahlen sowie Rechnungen per QR-Code begleichen bleibt weiterhin m\u00f6glich. <\/p>\n<p>          Europaweit zahlen <\/p>\n<p>Der gr\u00f6\u00dfte Unterschied ist, dass Wero europaweit ausgerichtet ist. Die App ist f\u00fcr die Nutzung in mehreren europ\u00e4ischen L\u00e4ndern konzipiert und soll grenz\u00fcberschreitende Zahlungen genauso einfach machen wie Zahlungen innerhalb des Landes. Wero ist bereits in Belgien, Deutschland und Frankreich verf\u00fcgbar und wird von f\u00fchrenden europ\u00e4ischen Banken und Finanzinstituten unterst\u00fctzt. <\/p>\n<p>          Schrittweiser Wechsel <\/p>\n<p>Die Umstellung erfolgt schrittweise. W\u00e4hrend der \u00dcbergangsphase kann Payconiq weiterhin wie gewohnt genutzt werden, und auch bestehende Payconiq-QR-Codes funktionieren weiterhin. Sobald die jeweilige Bank auf Wero umgestellt hat, werden Kunden \u00fcber die n\u00e4chsten Schritte informiert und dazu aufgefordert, die Wero-App herunterzuladen und ihr Bankkonto zu verkn\u00fcpfen. <\/p>\n<p>Die gro\u00dfen luxemburgischen Banken, darunter Spuerkeess, POST, Raiffeisen, BIL und BGL BNP Paribas unterst\u00fctzen den Wechsel. Es soll keine Unterbrechung des bestehenden Zahlungsdienstes geben. <\/p>\n<p>Der vollst\u00e4ndige \u00dcbergang von Payconiq zu Wero soll bis Ende September 2026 abgeschlossen sein. Danach werden die Payconiq-App und die Marke Payconiq nicht mehr verwendet. <\/p>\n<p>          Sicher vernetzt <\/p>\n<p>Auch bei Sicherheit und Datenschutz gelten weiterhin die bestehenden europ\u00e4ischen und nationalen Standards. Gleichzeitig sind zus\u00e4tzliche Funktionen geplant, unter anderem ein st\u00e4rkerer Einsatz von Wero im Online-Handel. <\/p>\n<p>Langfristig soll Wero eine starke und unabh\u00e4ngige europ\u00e4ische Zahlungsinfrastruktur schaffen und sich als Alternative zu internationalen Zahlungsanbietern etablieren. <\/p>\n","protected":false},"excerpt":{"rendered":"Payconiq geht, Wero kommt. Die neue App soll in der EU als Konkurrenz zu US\u2011amerikanischen L\u00f6sungen wie Paypal&hellip;\n","protected":false},"author":2,"featured_media":13511,"comment_status":"","ping_status":"","sticky":false,"template":"","format":"standard","meta":{"footnotes":""},"categories":[4],"tags":[13,5,3603,3602,3601],"class_list":["post-13510","post","type-post","status-publish","format-standard","has-post-thumbnail","category-luxemburg","tag-europa","tag-luxemburg","tag-online-banking","tag-paypal","tag-wero"],"share_on_mastodon":{"url":"https:\/\/pubeurope.com\/@lu_de\/117191014161455562","error":""},"_links":{"self":[{"href":"https:\/\/www.europesays.com\/lu-de\/wp-json\/wp\/v2\/posts\/13510","targetHints":{"allow":["GET"]}}],"collection":[{"href":"https:\/\/www.europesays.com\/lu-de\/wp-json\/wp\/v2\/posts"}],"about":[{"href":"https:\/\/www.europesays.com\/lu-de\/wp-json\/wp\/v2\/types\/post"}],"author":[{"embeddable":true,"href":"https:\/\/www.europesays.com\/lu-de\/wp-json\/wp\/v2\/users\/2"}],"replies":[{"embeddable":true,"href":"https:\/\/www.europesays.com\/lu-de\/wp-json\/wp\/v2\/comments?post=13510"}],"version-history":[{"count":0,"href":"https:\/\/www.europesays.com\/lu-de\/wp-json\/wp\/v2\/posts\/13510\/revisions"}],"wp:featuredmedia":[{"embeddable":true,"href":"https:\/\/www.europesays.com\/lu-de\/wp-json\/wp\/v2\/media\/13511"}],"wp:attachment":[{"href":"https:\/\/www.europesays.com\/lu-de\/wp-json\/wp\/v2\/media?parent=13510"}],"wp:term":[{"taxonomy":"category","embeddable":true,"href":"https:\/\/www.europesays.com\/lu-de\/wp-json\/wp\/v2\/categories?post=13510"},{"taxonomy":"post_tag","embeddable":true,"href":"https:\/\/www.europesays.com\/lu-de\/wp-json\/wp\/v2\/tags?post=13510"}],"curies":[{"name":"wp","href":"https:\/\/api.w.org\/{rel}","templated":true}]}}