{"id":13604,"date":"2026-09-02T09:45:11","date_gmt":"2026-09-02T09:45:11","guid":{"rendered":"https:\/\/www.europesays.com\/lu-de\/13604\/"},"modified":"2026-09-02T09:45:11","modified_gmt":"2026-09-02T09:45:11","slug":"tageblatt-lu-spektakulaerer-drogenfund-im-oesling","status":"publish","type":"post","link":"https:\/\/www.europesays.com\/lu-de\/13604\/","title":{"rendered":"Tageblatt.lu | Spektakul\u00e4rer Drogenfund im \u00d6sling"},"content":{"rendered":"<p>Er soll eine der Schl\u00fcsselfiguren des Drogenhandels von Kolumbien nach Europa sein: \u201eHermes\u201c. Der unter diesem Decknamen bekannte Mann wurde am Montag unweit von Medell\u00edn beim Gassigehen festgenommen, wie der B\u00fcrgermeister Fico Guti\u00e9rrez auf X mitteilte. Auf Antrag von Luxemburg. Denn er soll hinter dem <a href=\"https:\/\/www.tageblatt.lu\/Luxemburg\/Luxemburger-Ermittler-finden-hunderte-Kilo-Drogen-in-importierter-Zerkleinerungsmaschine-12869.html\" title=\"\" rel=\"nofollow noopener\" target=\"_blank\">spektakul\u00e4ren Drogenfund<\/a> Anfang 2025 in Bilsdorf stehen, wie das Wort berichtete. Es ist laut dem B\u00fcrgermeister die erste Auslieferung Kolumbiens nach Luxemburg. <\/p>\n<p>          &#13;<br \/>\n            Zwei Tonnen Kokain pro Monat <\/p>\n<p>\u201eHermes\u201c soll in den Schmuggel von etwa zwei Tonnen Kokain pro Monat nach Europa verwickelt gewesen sein, schreibt der B\u00fcrgermeister. Das Ziel: Antwerpen in Belgien. Er soll zudem Verbindungen zum sogenannten Balkan-Kartell haben. <\/p>\n<p>Gr\u00f6\u00dfter Drogenfund in Luxemburg <\/p>\n<p>Die Luxemburger Polizei hatte im Februar 2025 den bislang gr\u00f6\u00dften Drogenfund des Landes gemacht: Mehrere hundert Kilo Kokain waren im \u00d6sling in einer Stra\u00dfenbaumaschine versteckt. <\/p>\n<p>Die Drogenfahnder hatten den Tipp erhalten, dass in den \u201eZylindern\u201c einer im Stra\u00dfenbau verwendeten Zerkleinerungsmaschine (\u201econcasseur\u201c) eine gro\u00dfe Menge Drogen durch Luxemburg geschmuggelt werden sollte. Die aus Kolumbien stammende Maschine wurden in Bilsdorf ausfindig gemacht und beschlagnahmt. An dem Einsatz waren mehr als 100 Polizisten beteiligt gewesen. <\/p>\n<p>Kurze Zeit sp\u00e4ter wurden in Bilsdorf ein 38-j\u00e4hriger Serbe und ein 43-j\u00e4hriger Albaner festgenommen, die beide im Gro\u00dfherzogtum gemeldet sind. (dr) <\/p>\n","protected":false},"excerpt":{"rendered":"Er soll eine der Schl\u00fcsselfiguren des Drogenhandels von Kolumbien nach Europa sein: \u201eHermes\u201c. Der unter diesem Decknamen bekannte&hellip;\n","protected":false},"author":2,"featured_media":13605,"comment_status":"","ping_status":"","sticky":false,"template":"","format":"standard","meta":{"footnotes":""},"categories":[4],"tags":[248,3634,2368,3177,5,1222,184],"class_list":["post-13604","post","type-post","status-publish","format-standard","has-post-thumbnail","category-luxemburg","tag-drogen-und-rauschgifte","tag-drogenfunde","tag-kokain","tag-kolumbien","tag-luxemburg","tag-police-ltzebuerg","tag-polizei"],"share_on_mastodon":{"url":"https:\/\/pubeurope.com\/@lu_de\/117200809093919243","error":""},"_links":{"self":[{"href":"https:\/\/www.europesays.com\/lu-de\/wp-json\/wp\/v2\/posts\/13604","targetHints":{"allow":["GET"]}}],"collection":[{"href":"https:\/\/www.europesays.com\/lu-de\/wp-json\/wp\/v2\/posts"}],"about":[{"href":"https:\/\/www.europesays.com\/lu-de\/wp-json\/wp\/v2\/types\/post"}],"author":[{"embeddable":true,"href":"https:\/\/www.europesays.com\/lu-de\/wp-json\/wp\/v2\/users\/2"}],"replies":[{"embeddable":true,"href":"https:\/\/www.europesays.com\/lu-de\/wp-json\/wp\/v2\/comments?post=13604"}],"version-history":[{"count":0,"href":"https:\/\/www.europesays.com\/lu-de\/wp-json\/wp\/v2\/posts\/13604\/revisions"}],"wp:featuredmedia":[{"embeddable":true,"href":"https:\/\/www.europesays.com\/lu-de\/wp-json\/wp\/v2\/media\/13605"}],"wp:attachment":[{"href":"https:\/\/www.europesays.com\/lu-de\/wp-json\/wp\/v2\/media?parent=13604"}],"wp:term":[{"taxonomy":"category","embeddable":true,"href":"https:\/\/www.europesays.com\/lu-de\/wp-json\/wp\/v2\/categories?post=13604"},{"taxonomy":"post_tag","embeddable":true,"href":"https:\/\/www.europesays.com\/lu-de\/wp-json\/wp\/v2\/tags?post=13604"}],"curies":[{"name":"wp","href":"https:\/\/api.w.org\/{rel}","templated":true}]}}