{"id":13614,"date":"2026-09-02T12:50:08","date_gmt":"2026-09-02T12:50:08","guid":{"rendered":"https:\/\/www.europesays.com\/lu-de\/13614\/"},"modified":"2026-09-02T12:50:08","modified_gmt":"2026-09-02T12:50:08","slug":"tageblatt-lu-direktvermarktung-in-luxemburg","status":"publish","type":"post","link":"https:\/\/www.europesays.com\/lu-de\/13614\/","title":{"rendered":"Tageblatt.lu | Direktvermarktung in Luxemburg"},"content":{"rendered":"<p>Frische Milch, Gem\u00fcse, Obst oder andere landwirtschaftliche Produkte direkt vom Hof kaufen. Das Geld in eine Klasse legen. Weiterfahren. Auf zahlreichen Bauernh\u00f6fen in Luxemburg besteht dieses Prinzip seit Jahren \u2013 und das Ganze ohne Verkaufspersonal. Diese Hofl\u00e4den mit Selbstbedienung beruhen auf nur einem Grundsatz: Ehrlichkeit. <\/p>\n<p>Direktvermarktung ist in Luxemburg verbreitet. Laut dem \u201eService de l\u2019\u00e9conomie rurale\u201c (SER) betrieben im Jahr 2021 rund 18 Prozent der Landwirtschaftsbetriebe \u2013 inklusive Winzer \u2013 Direktverkauf. Knapp 100 f\u00fchrten einen Hofladen, zw\u00f6lf einen Automaten. Wie viele Hofl\u00e4den tats\u00e4chlich auf Selbstbedienung beruhen, lagen dem Landwirtschaftsministerium jedoch nicht vor. <\/p>\n","protected":false},"excerpt":{"rendered":"Frische Milch, Gem\u00fcse, Obst oder andere landwirtschaftliche Produkte direkt vom Hof kaufen. Das Geld in eine Klasse legen.&hellip;\n","protected":false},"author":2,"featured_media":13615,"comment_status":"","ping_status":"","sticky":false,"template":"","format":"standard","meta":{"footnotes":""},"categories":[4],"tags":[3640,1244,2849,2123,2848,5,3639],"class_list":["post-13614","post","type-post","status-publish","format-standard","has-post-thumbnail","category-luxemburg","tag-diebe","tag-diebstahl","tag-hoflden","tag-landwirte-und-bauern","tag-landwirtschaft","tag-luxemburg","tag-vertrauen"],"share_on_mastodon":{"url":"https:\/\/pubeurope.com\/@lu_de\/117201536739386351","error":""},"_links":{"self":[{"href":"https:\/\/www.europesays.com\/lu-de\/wp-json\/wp\/v2\/posts\/13614","targetHints":{"allow":["GET"]}}],"collection":[{"href":"https:\/\/www.europesays.com\/lu-de\/wp-json\/wp\/v2\/posts"}],"about":[{"href":"https:\/\/www.europesays.com\/lu-de\/wp-json\/wp\/v2\/types\/post"}],"author":[{"embeddable":true,"href":"https:\/\/www.europesays.com\/lu-de\/wp-json\/wp\/v2\/users\/2"}],"replies":[{"embeddable":true,"href":"https:\/\/www.europesays.com\/lu-de\/wp-json\/wp\/v2\/comments?post=13614"}],"version-history":[{"count":0,"href":"https:\/\/www.europesays.com\/lu-de\/wp-json\/wp\/v2\/posts\/13614\/revisions"}],"wp:featuredmedia":[{"embeddable":true,"href":"https:\/\/www.europesays.com\/lu-de\/wp-json\/wp\/v2\/media\/13615"}],"wp:attachment":[{"href":"https:\/\/www.europesays.com\/lu-de\/wp-json\/wp\/v2\/media?parent=13614"}],"wp:term":[{"taxonomy":"category","embeddable":true,"href":"https:\/\/www.europesays.com\/lu-de\/wp-json\/wp\/v2\/categories?post=13614"},{"taxonomy":"post_tag","embeddable":true,"href":"https:\/\/www.europesays.com\/lu-de\/wp-json\/wp\/v2\/tags?post=13614"}],"curies":[{"name":"wp","href":"https:\/\/api.w.org\/{rel}","templated":true}]}}