{"id":13628,"date":"2026-09-02T15:37:16","date_gmt":"2026-09-02T15:37:16","guid":{"rendered":"https:\/\/www.europesays.com\/lu-de\/13628\/"},"modified":"2026-09-02T15:37:16","modified_gmt":"2026-09-02T15:37:16","slug":"tageblatt-lu-unter-drogen-autofahrer-flieht-vor-kontrolle-in-esch-beamte-retten-sich-mit-sprung-zur-seite","status":"publish","type":"post","link":"https:\/\/www.europesays.com\/lu-de\/13628\/","title":{"rendered":"Tageblatt.lu | Unter Drogen | Autofahrer flieht vor Kontrolle in Esch \u2013 Beamte retten sich mit Sprung zur Seite"},"content":{"rendered":"<p>Ein starker Cannabisgeruch ist am Dienstagabend einer Polizeistreife entgegengeschlagen, als sie ein Fahrzeug mit zwei Insassen in Esch stoppte. Was als Verkehrskontrolle begann, entwickelte sich zu einer gro\u00df angelegten Fahndung, wie aus dem aktuellen Polizeibericht hervorgeht. Denn nach einem positiven Drogenschnelltest floh der Fahrer \u2013 und \u00fcberfuhr fast die Beamten. <\/p>\n<p>          &#13;<br \/>\n            Flucht nach positivem Schnelltest  <\/p>\n<p>Die zwei Polizisten konnten sich durch einen Sprung zur Seite retten, um nicht von dem Wagen erfasst zu werden. Einheiten der Verkehrspolizei, eine Hundestaffel und ein Polizeihubschrauber suchten anschlie\u00dfend nach den Fl\u00fcchtigen, unter anderem in Kayl. Neben einer geringen Menge an Bet\u00e4ubungsmitteln im Auto stellte die Polizei unweit der Kontrollstelle eine Tasche sicher, die rund 25 Gramm Haschisch sowie eine gr\u00f6\u00dfere Menge Bargeld enthielt. <\/p>\n<p>F\u00fchrerschein provisorisch entzogen  <\/p>\n<p>Wenig sp\u00e4ter fassen die Beamten den Fahrer in Monnerich, der sein Auto mittlerweile zur\u00fcckgelassen hatte und zu Fu\u00df unterwegs war. Auch den Beifahrer greift die Polizei im weiteren Verlauf auf. Das Fluchtfahrzeug wurde in Foetz aufgefunden und sichergestellt. Gegen den Fahrer verh\u00e4ngten die Beamten ein provisorisches Fahrverbot. Ein Protokoll wurde erstellt, die weiteren Ermittlungen laufen. (dr) <\/p>\n","protected":false},"excerpt":{"rendered":"Ein starker Cannabisgeruch ist am Dienstagabend einer Polizeistreife entgegengeschlagen, als sie ein Fahrzeug mit zwei Insassen in Esch&hellip;\n","protected":false},"author":2,"featured_media":13629,"comment_status":"","ping_status":"","sticky":false,"template":"","format":"standard","meta":{"footnotes":""},"categories":[4],"tags":[1092,1009,795,455,2930,542,5,3641,2543,1222,184,44],"class_list":["post-13628","post","type-post","status-publish","format-standard","has-post-thumbnail","category-luxemburg","tag-autofahrer","tag-drogen","tag-esch","tag-fahndung","tag-flucht","tag-kayl","tag-luxemburg","tag-marihuana","tag-monnerich","tag-police-ltzebuerg","tag-polizei","tag-verkehr"],"share_on_mastodon":{"url":"https:\/\/pubeurope.com\/@lu_de\/117202193113984604","error":""},"_links":{"self":[{"href":"https:\/\/www.europesays.com\/lu-de\/wp-json\/wp\/v2\/posts\/13628","targetHints":{"allow":["GET"]}}],"collection":[{"href":"https:\/\/www.europesays.com\/lu-de\/wp-json\/wp\/v2\/posts"}],"about":[{"href":"https:\/\/www.europesays.com\/lu-de\/wp-json\/wp\/v2\/types\/post"}],"author":[{"embeddable":true,"href":"https:\/\/www.europesays.com\/lu-de\/wp-json\/wp\/v2\/users\/2"}],"replies":[{"embeddable":true,"href":"https:\/\/www.europesays.com\/lu-de\/wp-json\/wp\/v2\/comments?post=13628"}],"version-history":[{"count":0,"href":"https:\/\/www.europesays.com\/lu-de\/wp-json\/wp\/v2\/posts\/13628\/revisions"}],"wp:featuredmedia":[{"embeddable":true,"href":"https:\/\/www.europesays.com\/lu-de\/wp-json\/wp\/v2\/media\/13629"}],"wp:attachment":[{"href":"https:\/\/www.europesays.com\/lu-de\/wp-json\/wp\/v2\/media?parent=13628"}],"wp:term":[{"taxonomy":"category","embeddable":true,"href":"https:\/\/www.europesays.com\/lu-de\/wp-json\/wp\/v2\/categories?post=13628"},{"taxonomy":"post_tag","embeddable":true,"href":"https:\/\/www.europesays.com\/lu-de\/wp-json\/wp\/v2\/tags?post=13628"}],"curies":[{"name":"wp","href":"https:\/\/api.w.org\/{rel}","templated":true}]}}