{"id":13650,"date":"2026-09-02T22:22:06","date_gmt":"2026-09-02T22:22:06","guid":{"rendered":"https:\/\/www.europesays.com\/lu-de\/13650\/"},"modified":"2026-09-02T22:22:06","modified_gmt":"2026-09-02T22:22:06","slug":"spritpreise-in-luxemburg-das-kosten-benzin-und-diesel-aktuell-31-august-2026","status":"publish","type":"post","link":"https:\/\/www.europesays.com\/lu-de\/13650\/","title":{"rendered":"Spritpreise in Luxemburg: Das kosten Benzin und Diesel aktuell (31. August 2026)"},"content":{"rendered":"<p>  <img decoding=\"async\" class=\"wp-worthy-pixel-img skip-lazy \" src=\"https:\/\/www.europesays.com\/lu-de\/wp-content\/uploads\/2026\/09\/6c0e325986cf474894725b99fb400ed4.gif\" loading=\"eager\" data-no-lazy=\"1\" data-skip-lazy=\"1\" height=\"1\" width=\"1\" alt=\"\"\/><\/p>\n<p>F\u00fcr viele Bewohner:innen des Saarlandes und der Region Trier ist ein Abstecher nach Luxemburg f\u00fcr gew\u00f6hnlich eine M\u00f6glichkeit, Kraftstoffkosten zu sparen. Die Preise f\u00fcr Diesel und Benzin sind im Gro\u00dfherzogtum oftmals deutlich niedriger als in Deutschland. Nachfolgend haben wir f\u00fcr euch zusammengefasst, was man aktuell (Stand vom 31. August 2026) f\u00fcr Benzin und Diesel in Luxemburg zahlt.<\/p>\n<p>Am heutigen Montag (31. August 2026) werden f\u00fcr einen Liter Super 95 (E10) an den Luxemburger Tankstellen 1,74 Euro f\u00e4llig. Im Saarland lag hingegen der durchschnittliche Preis f\u00fcr einen Liter E10, der dem Super 95 entspricht, am Morgen (Stand: 08.35 Uhr) bei 2,08 Euro, in Trier derweil bei 2,21 Euro. Das macht eine Ersparnis von 34 Cent beziehungsweise 47 Cent je Liter aus.<\/p>\n<p>Ein Liter Super 98 (Super plus) kostet in Luxemburg am heutigen Montag 1,93 Euro.<\/p>\n<p>Aktuell (31. August 2026) kostet ein Liter Diesel in Luxemburg 1,86 Euro. Autofahrer:innen und Co. mussten derweil im Saarland am Montagmorgen (Stand: 08.35 Uhr) im Durchschnitt 2,14 Euro pro Liter zahlen, in Trier circa 2,24 Euro. So betr\u00e4gt die Differenz rund 28 Cent beziehungsweise 38 Cent.<\/p>\n<p>In Luxemburg legt der Staat die Preise an den Zapfs\u00e4ulen fest. Mit einer Formel werden sie t\u00e4glich neu berechnet. Darin werden unter anderem Dollarschwankungen, die Preisentwicklung auf dem Roh\u00f6lmarkt, Transport- und Lagerungskosten sowie Steuern ber\u00fccksichtigt.<\/p>\n<p>Die Frage, <a href=\"https:\/\/www.sol.de\/verkehrsnachrichten\/tanken-in-den-nachbarlaendern-so-viel-sprit-ist-im-reservekanister-erlaubt-re-7,688357.html\" rel=\"nofollow noopener\" target=\"_blank\">ob und wie viel Kraftstoff im Kanister mitgenommen werden darf,<\/a> sorgt f\u00fcr Unsicherheit. Laut dem ADAC ist die Mitnahme in Luxemburg grunds\u00e4tzlich nicht erlaubt. Die Zeitung \u201eL\u2019essentiel\u201c berichtet aber, dass bis zu 20 Liter transportiert werden d\u00fcrfen. Voraussetzung sei, dass der Kraftstoff nicht f\u00fcr den Betrieb eines Fahrzeugs genutzt wird, sondern etwa f\u00fcr Ger\u00e4te wie einen Rasenm\u00e4her. Ferner m\u00fcsse der Kraftstoff von der n\u00e4chstgelegenen Tankstelle direkt nach Hause gebracht werden. Bei gr\u00f6\u00dferen Mengen, die mitgef\u00fchrt werden, drohen laut dem Bericht m\u00f6gliche Bu\u00dfgelder.<\/p>\n","protected":false},"excerpt":{"rendered":"F\u00fcr viele Bewohner:innen des Saarlandes und der Region Trier ist ein Abstecher nach Luxemburg f\u00fcr gew\u00f6hnlich eine M\u00f6glichkeit,&hellip;\n","protected":false},"author":2,"featured_media":13651,"comment_status":"","ping_status":"","sticky":false,"template":"","format":"standard","meta":{"footnotes":""},"categories":[4],"tags":[95,2681,5,337,192,338,44],"class_list":["post-13650","post","type-post","status-publish","format-standard","has-post-thumbnail","category-luxemburg","tag-grossregion","tag-key_mobiltaet","tag-luxemburg","tag-service-wissen","tag-tanken-luxemburg","tag-verbraucherthemen","tag-verkehr"],"share_on_mastodon":{"url":"https:\/\/pubeurope.com\/@lu_de\/117203785608726618","error":""},"_links":{"self":[{"href":"https:\/\/www.europesays.com\/lu-de\/wp-json\/wp\/v2\/posts\/13650","targetHints":{"allow":["GET"]}}],"collection":[{"href":"https:\/\/www.europesays.com\/lu-de\/wp-json\/wp\/v2\/posts"}],"about":[{"href":"https:\/\/www.europesays.com\/lu-de\/wp-json\/wp\/v2\/types\/post"}],"author":[{"embeddable":true,"href":"https:\/\/www.europesays.com\/lu-de\/wp-json\/wp\/v2\/users\/2"}],"replies":[{"embeddable":true,"href":"https:\/\/www.europesays.com\/lu-de\/wp-json\/wp\/v2\/comments?post=13650"}],"version-history":[{"count":0,"href":"https:\/\/www.europesays.com\/lu-de\/wp-json\/wp\/v2\/posts\/13650\/revisions"}],"wp:featuredmedia":[{"embeddable":true,"href":"https:\/\/www.europesays.com\/lu-de\/wp-json\/wp\/v2\/media\/13651"}],"wp:attachment":[{"href":"https:\/\/www.europesays.com\/lu-de\/wp-json\/wp\/v2\/media?parent=13650"}],"wp:term":[{"taxonomy":"category","embeddable":true,"href":"https:\/\/www.europesays.com\/lu-de\/wp-json\/wp\/v2\/categories?post=13650"},{"taxonomy":"post_tag","embeddable":true,"href":"https:\/\/www.europesays.com\/lu-de\/wp-json\/wp\/v2\/tags?post=13650"}],"curies":[{"name":"wp","href":"https:\/\/api.w.org\/{rel}","templated":true}]}}