{"id":13656,"date":"2026-09-03T02:56:09","date_gmt":"2026-09-03T02:56:09","guid":{"rendered":"https:\/\/www.europesays.com\/lu-de\/13656\/"},"modified":"2026-09-03T02:56:09","modified_gmt":"2026-09-03T02:56:09","slug":"tageblatt-lu-luxemburg-stadt-stater-braderie-dieses-jahr-erst-eine-woche-spaeter","status":"publish","type":"post","link":"https:\/\/www.europesays.com\/lu-de\/13656\/","title":{"rendered":"Tageblatt.lu | Luxemburg-Stadt | \u201eStater Braderie\u201c dieses Jahr erst eine Woche sp\u00e4ter"},"content":{"rendered":"<p>Die \u201eStater Braderie\u201c in Luxemburg-Stadt findet in diesem Jahr erstmals nicht am Kirmesmontag statt, sondern eine Woche sp\u00e4ter, am 7. September. Grund daf\u00fcr ist die diesj\u00e4hrige Terminlage der mittlerweile 97. Ausgabe. \u201eDer Kirmesmontag war am 31. August. Eine Braderie im August finden wir allerdings nicht so ideal\u201c, erkl\u00e4rte Mireille Rahm\u00e9, Pr\u00e4sidentin der \u201eUnion commerciale de la ville de Luxembourg\u201c (UCVL) am Mittwochmorgen w\u00e4hrend einer Pressekonferenz am Knuedler. <\/p>\n<p>          &#13;<br \/>\n            Fast 200 H\u00e4ndler bauen ihre St\u00e4nde auf <\/p>\n<p>Haupttag der Braderie ist der kommende Montag, an dem gro\u00dfe Teile der Innenstadt f\u00fcr die Veranstaltung gesperrt werden, darunter die Oberstadt und das Bahnhofviertel. Insgesamt nehmen dieses Jahr 192 H\u00e4ndler teil. Am Wochenende l\u00e4uft die Braderie auch schon \u2013 in eingeschr\u00e4nkter Form: Ab Samstag d\u00fcrfen St\u00e4nde aufgebaut werden, sofern sie den Stra\u00dfenverkehr nicht behindern. Erg\u00e4nzt wird das Programm am Sonntag wie im vergangenen Jahr mit einem gro\u00dfen Flohmarkt in der Avenue de la Gare. <\/p>\n<p>Vor allem unabh\u00e4ngige Gesch\u00e4fte profitieren <\/p>\n<p>Der Tag sei laut Rahm\u00e9 eine gute Gelegenheit, Altes loszuwerden: \u201eGro\u00dfe Unternehmen k\u00f6nnen unverkaufte Artikel oft zur\u00fcckschicken. Unabh\u00e4ngige H\u00e4ndler bleiben darauf sitzen. Und alles, was im Regal liegen bleibt, ist Geld, das sie nicht anderweitig nutzen k\u00f6nnen.\u201c <\/p>\n<p>Die Braderie sei auch ein \u201esch\u00f6nes Schaufenster\u201c f\u00fcr die Herbst- oder Winterkollektionen. \u201eWer zur Braderie kommt, um ein gutes Schn\u00e4ppchen zu machen, sieht dabei auch schon die neue Kollektion. Es ist au\u00dferdem eine Gelegenheit, ein Gesch\u00e4ft kennenzulernen, in das man sonst nicht hineingegangen w\u00e4re\u201c, erz\u00e4hlt sie dem Tageblatt. Den Erfolg erkenne sie auf Nachfrage daran, dass immer wieder die gleichen H\u00e4ndler teilnehmen: \u201eDieser Tag bedeutet enorm viel Aufwand, und trotzdem sind es immer wieder dieselben, die teilnehmen. F\u00fcr sie muss es sich also auch wirklich lohnen.\u201c <\/p>\n<p>\u201eEine Stadt lebt durch ihre Gesch\u00e4ftswelt\u201c <\/p>\n<p>Auch B\u00fcrgermeisterin Lydie Polfer (DP) hofft in diesem Jahr auf einen gro\u00dfen Erfolg der Braderie. Zugleich unterstrich sie die Bedeutung des Handels f\u00fcr die Attraktivit\u00e4t der Hauptstadt. \u201eEine Stadt lebt durch ihre Gesch\u00e4ftswelt\u201c, sagte Polfer mit Blick auf die Unterst\u00fctzung der Veranstaltung. <\/p>\n<p>Auch abseits der Verkaufsst\u00e4nde wird einiges geboten: Kinder k\u00f6nnen am Pariser Platz an Lego- oder Graffiti-Workshops teilnehmen, w\u00e4hrend Ludoland weitere Aktivit\u00e4ten anbietet. Auf dem Knuedler pr\u00e4sentieren sich unter anderem die Air Rescue und die luxemburgische Armee. Auf der place d\u2019Armes gibt es au\u00dferdem ein Gl\u00fccksrad mit Geschenken im Gesamtwert von 6.000 Euro, die von den Gesch\u00e4ften der Stadt zur Verf\u00fcgung gestellt werden. Weitere Informationen gibt es auf der Webseite <a href=\"https:\/\/www.vdl.lu\/fr\/se-deplacer\/en-bus\/reseau-et-plans\/stater-braderie-2026\" title=\"\" rel=\"nofollow noopener\" target=\"_blank\">braderie.vdl.lu<\/a>. <\/p>\n<p class=\"Infobox-Titel1\">Informationen zum Verkehr <\/p>\n<p class=\"Infobox-Text1\">Durch die Braderie kommt es zu zahlreichen Verkehrs\u00e4nderungen. Rund um die \u201eGare\u201c werden die Buslinien umgeleitet, zudem sind Teile der Avenue de la Libert\u00e9 sowie die rue Notre-Dame f\u00fcr den Autoverkehr gesperrt. Die Tram f\u00e4hrt hingegen ununterbrochen. F\u00fcr die Anreise stehen mehrere kostenlose Park+Ride-Pl\u00e4tze zur Verf\u00fcgung. <\/p>\n","protected":false},"excerpt":{"rendered":"Die \u201eStater Braderie\u201c in Luxemburg-Stadt findet in diesem Jahr erstmals nicht am Kirmesmontag statt, sondern eine Woche sp\u00e4ter,&hellip;\n","protected":false},"author":2,"featured_media":13657,"comment_status":"","ping_status":"","sticky":false,"template":"","format":"standard","meta":{"footnotes":""},"categories":[4],"tags":[3646,5,92,1788,3647],"class_list":["post-13656","post","type-post","status-publish","format-standard","has-post-thumbnail","category-luxemburg","tag-braderie","tag-luxemburg","tag-luxemburg-stadt","tag-lydie-polfer","tag-schnppchen"],"share_on_mastodon":{"url":"https:\/\/pubeurope.com\/@lu_de\/117204863172805033","error":""},"_links":{"self":[{"href":"https:\/\/www.europesays.com\/lu-de\/wp-json\/wp\/v2\/posts\/13656","targetHints":{"allow":["GET"]}}],"collection":[{"href":"https:\/\/www.europesays.com\/lu-de\/wp-json\/wp\/v2\/posts"}],"about":[{"href":"https:\/\/www.europesays.com\/lu-de\/wp-json\/wp\/v2\/types\/post"}],"author":[{"embeddable":true,"href":"https:\/\/www.europesays.com\/lu-de\/wp-json\/wp\/v2\/users\/2"}],"replies":[{"embeddable":true,"href":"https:\/\/www.europesays.com\/lu-de\/wp-json\/wp\/v2\/comments?post=13656"}],"version-history":[{"count":0,"href":"https:\/\/www.europesays.com\/lu-de\/wp-json\/wp\/v2\/posts\/13656\/revisions"}],"wp:featuredmedia":[{"embeddable":true,"href":"https:\/\/www.europesays.com\/lu-de\/wp-json\/wp\/v2\/media\/13657"}],"wp:attachment":[{"href":"https:\/\/www.europesays.com\/lu-de\/wp-json\/wp\/v2\/media?parent=13656"}],"wp:term":[{"taxonomy":"category","embeddable":true,"href":"https:\/\/www.europesays.com\/lu-de\/wp-json\/wp\/v2\/categories?post=13656"},{"taxonomy":"post_tag","embeddable":true,"href":"https:\/\/www.europesays.com\/lu-de\/wp-json\/wp\/v2\/tags?post=13656"}],"curies":[{"name":"wp","href":"https:\/\/api.w.org\/{rel}","templated":true}]}}