{"id":13690,"date":"2026-09-03T10:07:10","date_gmt":"2026-09-03T10:07:10","guid":{"rendered":"https:\/\/www.europesays.com\/lu-de\/13690\/"},"modified":"2026-09-03T10:07:10","modified_gmt":"2026-09-03T10:07:10","slug":"tageblatt-lu-verkehrsbehinderungen-ab-freitagabend","status":"publish","type":"post","link":"https:\/\/www.europesays.com\/lu-de\/13690\/","title":{"rendered":"Tageblatt.lu | Verkehrsbehinderungen ab Freitagabend"},"content":{"rendered":"<p>Wegen Umbauarbeiten an der Anschlussstelle Senningerberg wird die A1 an diesem Wochenende in beide Richtungen gesperrt. Zwischen Freitagabend und Montagmorgen m\u00fcssen Autofahrer in Richtung Trier und Luxemburg-Stadt Umleitungen in Kauf nehmen. Das teilte die Stra\u00dfenbauverwaltung am Dienstag mit. <\/p>\n<p>          &#13;<br \/>\n            Vollsperrung bis Montagmorgen  <\/p>\n<p>Die Arbeiter riegeln die Autobahn am Freitag, den 4. September 2026, gegen 21 Uhr ab. Bis zum darauffolgenden Montag, den 7. September, um 5 Uhr morgens bleibt die A1 an diesem Knotenpunkt unbefahrbar. Eine tempor\u00e4re Beschilderung leitet den Verkehr um die Baustelle herum. <\/p>\n<p>Autofahrer mit Ziel Luxemburg-Stadt werden direkt \u00fcber die Parallelfahrbahn umgeleitet. F\u00fcr den Verkehr in Richtung Trier f\u00fchrt die Ausweichstrecke ab Senningerberg zun\u00e4chst \u00fcber die N1 in Richtung Flughafen, ehe es nach dem Kreiverkehr wieder zur\u00fcck auf die A1 geht. (dr) <\/p>\n<p><img decoding=\"async\" loading=\"lazy\"   src=\"https:\/\/www.europesays.com\/lu-de\/wp-content\/uploads\/2026\/09\/Bild-134785.jpg\" title=\"A1 bei Senningerberg wird f\u00fcr das gesamte Wochenende voll gesperrt \" alt=\"A1 bei Senningerberg wird f\u00fcr das gesamte Wochenende voll gesperrt \" class=\"img-responsive\" style=\"object-position:49.998291242547495017% 50%;\"\/><\/p>\n<p class=\"image-caption-credit\">Grafik: Stra\u00dfenbauverwaltung<\/p>\n","protected":false},"excerpt":{"rendered":"Wegen Umbauarbeiten an der Anschlussstelle Senningerberg wird die A1 an diesem Wochenende in beide Richtungen gesperrt. Zwischen Freitagabend&hellip;\n","protected":false},"author":2,"featured_media":13691,"comment_status":"","ping_status":"","sticky":false,"template":"","format":"standard","meta":{"footnotes":""},"categories":[4],"tags":[759,706,3665,708,5,44],"class_list":["post-13690","post","type-post","status-publish","format-standard","has-post-thumbnail","category-luxemburg","tag-a1","tag-administration-des-ponts-et-chausses","tag-autobahnen","tag-baustellen","tag-luxemburg","tag-verkehr"],"share_on_mastodon":{"url":"https:\/\/pubeurope.com\/@lu_de\/117206558117386004","error":""},"_links":{"self":[{"href":"https:\/\/www.europesays.com\/lu-de\/wp-json\/wp\/v2\/posts\/13690","targetHints":{"allow":["GET"]}}],"collection":[{"href":"https:\/\/www.europesays.com\/lu-de\/wp-json\/wp\/v2\/posts"}],"about":[{"href":"https:\/\/www.europesays.com\/lu-de\/wp-json\/wp\/v2\/types\/post"}],"author":[{"embeddable":true,"href":"https:\/\/www.europesays.com\/lu-de\/wp-json\/wp\/v2\/users\/2"}],"replies":[{"embeddable":true,"href":"https:\/\/www.europesays.com\/lu-de\/wp-json\/wp\/v2\/comments?post=13690"}],"version-history":[{"count":0,"href":"https:\/\/www.europesays.com\/lu-de\/wp-json\/wp\/v2\/posts\/13690\/revisions"}],"wp:featuredmedia":[{"embeddable":true,"href":"https:\/\/www.europesays.com\/lu-de\/wp-json\/wp\/v2\/media\/13691"}],"wp:attachment":[{"href":"https:\/\/www.europesays.com\/lu-de\/wp-json\/wp\/v2\/media?parent=13690"}],"wp:term":[{"taxonomy":"category","embeddable":true,"href":"https:\/\/www.europesays.com\/lu-de\/wp-json\/wp\/v2\/categories?post=13690"},{"taxonomy":"post_tag","embeddable":true,"href":"https:\/\/www.europesays.com\/lu-de\/wp-json\/wp\/v2\/tags?post=13690"}],"curies":[{"name":"wp","href":"https:\/\/api.w.org\/{rel}","templated":true}]}}