{"id":13694,"date":"2026-09-03T11:01:13","date_gmt":"2026-09-03T11:01:13","guid":{"rendered":"https:\/\/www.europesays.com\/lu-de\/13694\/"},"modified":"2026-09-03T11:01:13","modified_gmt":"2026-09-03T11:01:13","slug":"tageblatt-lu-hitzestress-im-luxemburger-wald","status":"publish","type":"post","link":"https:\/\/www.europesays.com\/lu-de\/13694\/","title":{"rendered":"Tageblatt.lu | Hitzestress im Luxemburger Wald"},"content":{"rendered":"<p>&#13;<br \/>\n            <a href=\"https:\/\/www.tageblatt.lu\/Luxemburg\/Unter-der-Hitze-Glocke-So-warm-ist-das-Jahr-2026-in-Luxemburg-tatsaechlich-70488.html\" title=\"\" rel=\"nofollow noopener\" target=\"_blank\">Westeuropa hat in diesem Jahr einen au\u00dfergew\u00f6hnlich hei\u00dfen Sommer erlebt<\/a>: Seit Beginn der Wetteraufzeichnungen waren Juni und Juli nie so hei\u00df wie 2026. Auch im August hielten die Hitzewellen vielerorts an. Die Folgen: versch\u00e4rfte Trockenheit, niedrige Flusspegel und Waldbr\u00e4nde. Darunter leiden nicht nur Menschen und Tiere \u2013 auch die B\u00e4ume sind durch die anhaltende D\u00fcrre stark belastet. Umso mehr stellt sich die Frage, wie widerstandsf\u00e4hig Luxemburgs W\u00e4lder gegen\u00fcber den zunehmenden Hitzeperioden sind. <\/p>\n<p>          &#13;<br \/>\n            Junge B\u00e4ume besonders gef\u00e4hrdet <\/p>\n<p>Grunds\u00e4tzlich leiden alle Baumkulturen unter anhaltenden D\u00fcrreperioden und Hitzewellen, schreibt Umweltminister Serge Wilmes (CSV) in seiner Antwort auf eine parlamentarische Anfrage der DP-Abgeordneten Andr\u00e9 Bauler und Luc Emering. Mehrere Faktoren sind dabei problematisch: <\/p>\n<p>Die intensive Sonneneinstrahlung erhitzt die oberen Bodenschichten stark und l\u00e4sst sie schnell austrocknen. Dadurch sind besonders junge Pflanzen gef\u00e4hrdet. Ihre Wurzeln reichen noch nicht tief genug, um ausreichend Wasser zu erreichen. Bei anhaltender Trockenheit k\u00f6nnen sie deshalb vertrocknen und absterben.Hohe Temperaturen und starke Sonneneinstrahlung stressen die B\u00e4ume.Starker Wind kann den Boden zus\u00e4tzlich austrocknen. Ein niedriger Wasserdampfdruck in der Atmosph\u00e4re versch\u00e4rft die Belastung weiter.Nicht jede Baumart ist gleich widerstandsf\u00e4hig <img decoding=\"async\" loading=\"lazy\"   src=\"https:\/\/www.europesays.com\/lu-de\/wp-content\/uploads\/2026\/09\/Nicht-alle-Baumarten-sind-gleich-robust-134796.jpg\" title=\"Welche B\u00e4ume mit Trockenheit und hohen Temperaturen besser zurechtkommen \" alt=\"Nicht alle Baumarten sind gleich robust\" class=\"img-responsive\"\/><\/p>\n<p class=\"image-caption\">Nicht alle Baumarten sind gleich robust Foto: Editpress\/Julien Garroy<\/p>\n<p>Welche Auswirkungen Hitze und Trockenheit haben, h\u00e4ngt allerdings auch von der Baumart ab. Birken etwa kommen mit hohen Temperaturen vergleichsweise schlecht zurecht, da sie \u00fcber ihre Bl\u00e4tter viel Wasser verlieren, schreibt der Minister. Andere Arten wie einheimische Kastanien und viele mediterrane Arten sind besser an Hitze angepasst und k\u00f6nnen ihren Wasserverlust wirksamer begrenzen. <\/p>\n<p>Starkregen birgt wiederum andere Risiken. Bei neu angelegten Pflanzungen auf offenen Fl\u00e4chen kann er gr\u00f6\u00dfere Sch\u00e4den durch Bodenerosion verursachen. Besonders gef\u00e4hrdet sind Fl\u00e4chen, auf denen noch keine Krautpflanzendecke gewachsen ist. <\/p>\n<p>Mischbest\u00e4nde als Schutz vor Extremwetter <\/p>\n<p>Die besten \u00dcberlebenschancen haben laut Wilmes artenreiche, an Boden und Mikroklima angepasste Mischbest\u00e4nde. Junge B\u00e4ume profitieren zudem vom Schutz alter Baumkronen oder von kleinen Lichtungen, die sie vor direkter Sonneneinstrahlung und austrocknender Luft bewahren. Der Minister empfiehlt Waldbesitzern, m\u00f6glichst viele voraussichtlich klimaresistente, einheimische Laubbaumarten anzupflanzen. Dazu z\u00e4hlen etwa Edelkastanie, Feldahorn, Spitzahorn und Winterlinde. <\/p>\n<p>Finanzielle Hilfen f\u00fcr Waldbesitzer <img decoding=\"async\" loading=\"lazy\"   src=\"https:\/\/www.europesays.com\/lu-de\/wp-content\/uploads\/2026\/09\/Waldbesitzer-koennen-beim-Staat-finanzielle-Hilfen-134797.jpg\" title=\"Welche B\u00e4ume mit Trockenheit und hohen Temperaturen besser zurechtkommen \" alt=\"Waldbesitzer k\u00f6nnen beim Staat finanzielle Hilfen beantragen\" class=\"img-responsive\"\/><\/p>\n<p class=\"image-caption\">Waldbesitzer k\u00f6nnen beim Staat finanzielle Hilfen beantragen Foto: Editpress\/Didier Sylvestre<\/p>\n<p>F\u00fcr Aufforstungen k\u00f6nnen Waldbesitzer je nach Fl\u00e4che und Art verschiedene F\u00f6rderungen in Anspruch nehmen, schreibt der Minister. In L\u00fccken von Altw\u00e4ldern unter 30 Ar ist eine Nachpflanzung m\u00f6glich. Auf gr\u00f6\u00dferen Fl\u00e4chen kommen Fl\u00e4chen-, Reihen- oder Gruppenpflanzungen infrage. F\u00fcr alle Pflanzungen gelten bestimmte Vorgaben: Es m\u00fcssen mindestens drei standortgerechte Baumarten verwendet werden, davon mindestens 30 Prozent Laubb\u00e4ume. Zudem m\u00fcssen 70 Prozent der Pflanzen auf der Liste der zugelassenen Arten aufgef\u00fchrt sein. <\/p>\n<p>Auch f\u00fcr Naturverj\u00fcngung auf Fl\u00e4chen von mehr als 30 Ar gibt es finanzielle Unterst\u00fctzung. F\u00fcr bestehende W\u00e4lder k\u00f6nnen Waldbesitzer au\u00dferdem den \u201eKlimabonus B\u00ebsch\u201c beantragen. <\/p>\n","protected":false},"excerpt":{"rendered":"&#13; Westeuropa hat in diesem Jahr einen au\u00dfergew\u00f6hnlich hei\u00dfen Sommer erlebt: Seit Beginn der Wetteraufzeichnungen waren Juni und&hellip;\n","protected":false},"author":2,"featured_media":13695,"comment_status":"","ping_status":"","sticky":false,"template":"","format":"standard","meta":{"footnotes":""},"categories":[4],"tags":[3635,2202,3286,1497,2550,2890,3636,5,8,2885,3453,3456],"class_list":["post-13694","post","type-post","status-publish","format-standard","has-post-thumbnail","category-luxemburg","tag-andr-bauler","tag-bume","tag-drre","tag-hitze","tag-hitzewelle","tag-klimaextreme","tag-luc-emering","tag-luxemburg","tag-serge-wilmes","tag-trockenheit","tag-umweltministerium","tag-wlder"],"share_on_mastodon":{"url":"https:\/\/pubeurope.com\/@lu_de\/117206770423303867","error":""},"_links":{"self":[{"href":"https:\/\/www.europesays.com\/lu-de\/wp-json\/wp\/v2\/posts\/13694","targetHints":{"allow":["GET"]}}],"collection":[{"href":"https:\/\/www.europesays.com\/lu-de\/wp-json\/wp\/v2\/posts"}],"about":[{"href":"https:\/\/www.europesays.com\/lu-de\/wp-json\/wp\/v2\/types\/post"}],"author":[{"embeddable":true,"href":"https:\/\/www.europesays.com\/lu-de\/wp-json\/wp\/v2\/users\/2"}],"replies":[{"embeddable":true,"href":"https:\/\/www.europesays.com\/lu-de\/wp-json\/wp\/v2\/comments?post=13694"}],"version-history":[{"count":0,"href":"https:\/\/www.europesays.com\/lu-de\/wp-json\/wp\/v2\/posts\/13694\/revisions"}],"wp:featuredmedia":[{"embeddable":true,"href":"https:\/\/www.europesays.com\/lu-de\/wp-json\/wp\/v2\/media\/13695"}],"wp:attachment":[{"href":"https:\/\/www.europesays.com\/lu-de\/wp-json\/wp\/v2\/media?parent=13694"}],"wp:term":[{"taxonomy":"category","embeddable":true,"href":"https:\/\/www.europesays.com\/lu-de\/wp-json\/wp\/v2\/categories?post=13694"},{"taxonomy":"post_tag","embeddable":true,"href":"https:\/\/www.europesays.com\/lu-de\/wp-json\/wp\/v2\/tags?post=13694"}],"curies":[{"name":"wp","href":"https:\/\/api.w.org\/{rel}","templated":true}]}}