{"id":13696,"date":"2026-09-03T12:06:10","date_gmt":"2026-09-03T12:06:10","guid":{"rendered":"https:\/\/www.europesays.com\/lu-de\/13696\/"},"modified":"2026-09-03T12:06:10","modified_gmt":"2026-09-03T12:06:10","slug":"tageblatt-lu-toedlicher-streit-in-kalabrien","status":"publish","type":"post","link":"https:\/\/www.europesays.com\/lu-de\/13696\/","title":{"rendered":"Tageblatt.lu | T\u00f6dlicher Streit in Kalabrien"},"content":{"rendered":"<p>Der 22\u2011j\u00e4hrige Spieler der Luxemburger Rugby-Nationalmannschaft bleibt nach einer t\u00f6dlichen Auseinandersetzung in Sangineto vorerst weiter in Haft, berichtet die \u201e<a href=\"https:\/\/www.corrieredellacalabria.it\/2026\/09\/01\/omicidio-di-antonio-perrotta-domenico-orsino-resta-in-carcere\/\" title=\"\" rel=\"nofollow noopener\" target=\"_blank\">Corriere della Acalabria\u201c<\/a>. Sein Anwalt war mit einem Einspruch gegen die Haftentscheidung nicht erfolgreich. Er wird des Todes des 34-j\u00e4hrigen Familienvaters Antonio Perrotta beschuldigt. <\/p>\n<p>  &#13;<\/p>\n<p>          &#13;<br \/>\n            <a href=\"https:\/\/www.tageblatt.lu\/International\/Vorwuerfe-neu-bewertet-Ein-Bruder-in-Untersuchungshaft-der-andere-kommt-wieder-frei-70592.html\" rel=\"nofollow noopener\" target=\"_blank\">&#13;<br \/>\n              <img decoding=\"async\" class=\"img-responsive wcms-image-layout wcms-img-fitting-cover wcms-img-aspect-ratio-16-9 wcms-img-object-position-centered\"   src=\"https:\/\/www.europesays.com\/lu-de\/wp-content\/uploads\/2026\/09\/Zwei-Brueder-aus-Luxemburg-stehen-unter-Verdacht-einen-34-105635m.jpg\" loading=\"lazy\" title=\"Vorw\u00fcrfe neu bewertet: Ein Bruder in Untersuchungshaft, der andere kommt wieder frei\" alt=\"Zwei Br\u00fcder aus Luxemburg stehen unter Verdacht, einen 34-j\u00e4hrigen Sicherheitsbeauftragten einer Diskothek in Italien t\u00f6dlich verletzt zu haben\" style=\"object-position:50% 50%;\"\/>&#13;<br \/>\n            <\/a>&#13;<\/p>\n<p>        &#13;<br \/>\n          Nach Todesfall in Kalabrien&#13;<br \/>\n          &#13;<\/p>\n<p>    &#13;<\/p>\n<p>          &#13;<br \/>\n            Faustschlag vor Diskothek <\/p>\n<p>Die Auseinandersetzung ereignete sich vor der Diskothek \u201eIl Castello\u201c in Sangineto. Der 22-J\u00e4hrige, der aus Kalabrien stammt, soll Perrotta einen Faustschlag im Bereich von Mund und Kinn versetzt haben. Anschlie\u00dfend soll dieser nach hinten gest\u00fcrzt und mit dem Kopf heftig aufgeschlagen sein. <\/p>\n<p>Die Darstellung wurde laut dem \u201eCorriere della Calabria\u201c auch durch die Aussage des Bruders des Beschuldigten bei der Haftanh\u00f6rung best\u00e4tigt. <\/p>\n<p>Perrotta stirbt im Krankenhaus <\/p>\n<p>Nach der Auseinandersetzung wurde das Opfer in das Krankenhaus von Cetraro gebracht. Die \u00c4rzte stellten ein \u201erechtes frontoparietotemporales H\u00e4matom, Benommenheit, Rechtsabweichung des Mundwinkels, psychomotorische Unruhe, linksseitige Hemiplegie sowie eine konjugierte Blickabweichung\u201c fest. <\/p>\n<p>Aufgrund seines schlechten Zustands und einer zunehmenden Verschlechterung der neurologischen Funktionen wurde der Mann intubiert und mit der Diagnose einer posttraumatischen Blutung in das Krankenhaus von Cosenza verlegt. Dort wurde er auf der Intensivstation behandelt. Er starb trotz der medizinischen Ma\u00dfnahmen. <\/p>\n<p>Zeugenaussagen lassen Fragen offen <\/p>\n<p>Die Aussagen mehrerer Zeugen liefern laut der zust\u00e4ndigen Richterin bislang keine ausreichenden Informationen f\u00fcr eine vollst\u00e4ndige Rekonstruktion des Geschehens und insbesondere der mutma\u00dflichen Attacke. <\/p>\n<p>Einige Zeugen berichteten von einer \u201eSchl\u00e4gerei\u201c vor dem Lokal. Einer der Beteiligten sei nach einem Faustschlag nach hinten gefallen und habe sich dabei den Kopf angeschlagen. Die Sicherheitskr\u00e4fte der Diskothek schilderten eine Auseinandersetzung und das Verlassen zweier junger M\u00e4nner aus dem Lokal. Diese wurden sp\u00e4ter als die Beschuldigten identifiziert. Zu der mutma\u00dflichen Attacke selbst machten die Sicherheitskr\u00e4fte jedoch keine Angaben. <\/p>\n<p>  &#13;<\/p>\n<p>          &#13;<br \/>\n            <a href=\"https:\/\/www.tageblatt.lu\/International\/Toedlicher-Streit-in-Kalabrien-Zwei-Brueder-aus-Luxemburg-festgenommen-69239.html\" rel=\"nofollow noopener\" target=\"_blank\">&#13;<br \/>\n              <img decoding=\"async\" class=\"img-responsive wcms-image-layout wcms-img-fitting-cover wcms-img-aspect-ratio-16-9 wcms-img-object-position-centered\"   src=\"https:\/\/www.europesays.com\/lu-de\/wp-content\/uploads\/2026\/09\/Zwei-Brueder-aus-Luxemburg-sind-in-Italien-festgenommen-103568m.jpg\" loading=\"lazy\" title=\"T\u00f6dlicher Streit in Kalabrien: Zwei Br\u00fcder aus Luxemburg festgenommen\" alt=\"Zwei Br\u00fcder aus Luxemburg sind in Italien festgenommen worden\" style=\"object-position:49.999016799927694876% 50.000022887932757953%;\"\/>&#13;<br \/>\n            <\/a>&#13;<\/p>\n<p>    &#13;<\/p>\n","protected":false},"excerpt":{"rendered":"Der 22\u2011j\u00e4hrige Spieler der Luxemburger Rugby-Nationalmannschaft bleibt nach einer t\u00f6dlichen Auseinandersetzung in Sangineto vorerst weiter in Haft, berichtet&hellip;\n","protected":false},"author":2,"featured_media":13697,"comment_status":"","ping_status":"","sticky":false,"template":"","format":"standard","meta":{"footnotes":""},"categories":[4],"tags":[197,3339,5,184,1875,3340],"class_list":["post-13696","post","type-post","status-publish","format-standard","has-post-thumbnail","category-luxemburg","tag-italien","tag-kalabrien","tag-luxemburg","tag-polizei","tag-schlgerei","tag-totschlag"],"share_on_mastodon":{"url":"https:\/\/pubeurope.com\/@lu_de\/117207025756255348","error":""},"_links":{"self":[{"href":"https:\/\/www.europesays.com\/lu-de\/wp-json\/wp\/v2\/posts\/13696","targetHints":{"allow":["GET"]}}],"collection":[{"href":"https:\/\/www.europesays.com\/lu-de\/wp-json\/wp\/v2\/posts"}],"about":[{"href":"https:\/\/www.europesays.com\/lu-de\/wp-json\/wp\/v2\/types\/post"}],"author":[{"embeddable":true,"href":"https:\/\/www.europesays.com\/lu-de\/wp-json\/wp\/v2\/users\/2"}],"replies":[{"embeddable":true,"href":"https:\/\/www.europesays.com\/lu-de\/wp-json\/wp\/v2\/comments?post=13696"}],"version-history":[{"count":0,"href":"https:\/\/www.europesays.com\/lu-de\/wp-json\/wp\/v2\/posts\/13696\/revisions"}],"wp:featuredmedia":[{"embeddable":true,"href":"https:\/\/www.europesays.com\/lu-de\/wp-json\/wp\/v2\/media\/13697"}],"wp:attachment":[{"href":"https:\/\/www.europesays.com\/lu-de\/wp-json\/wp\/v2\/media?parent=13696"}],"wp:term":[{"taxonomy":"category","embeddable":true,"href":"https:\/\/www.europesays.com\/lu-de\/wp-json\/wp\/v2\/categories?post=13696"},{"taxonomy":"post_tag","embeddable":true,"href":"https:\/\/www.europesays.com\/lu-de\/wp-json\/wp\/v2\/tags?post=13696"}],"curies":[{"name":"wp","href":"https:\/\/api.w.org\/{rel}","templated":true}]}}