{"id":13702,"date":"2026-09-03T13:20:14","date_gmt":"2026-09-03T13:20:14","guid":{"rendered":"https:\/\/www.europesays.com\/lu-de\/13702\/"},"modified":"2026-09-03T13:20:14","modified_gmt":"2026-09-03T13:20:14","slug":"tageblatt-lu-polizei-leitet-ermittlungen-ein","status":"publish","type":"post","link":"https:\/\/www.europesays.com\/lu-de\/13702\/","title":{"rendered":"Tageblatt.lu | Polizei leitet Ermittlungen ein"},"content":{"rendered":"<p>Die Polizei ermittelt nach einem sexuellen \u00dcbergriff auf eine minderj\u00e4hrige Person in Bettemburg. Der Vorfall ereignete sich am Mittwochabend in der rue Marie-Therese, geht aus dem Pressebericht der Polizei vom Donnerstag hervor. <\/p>\n<p>          &#13;<br \/>\n            Opfer von hinten festgehalten und ber\u00fchrt <\/p>\n<p>Nach Angaben der Polizei war das Opfer am Mittwoch gegen 21 Uhr zu Fu\u00df unterwegs, als es von einer unbekannten Person von hinten festgehalten wurde. Die Person ber\u00fchrte das Opfer anschlie\u00dfend im Intimbereich. <\/p>\n<p>Der T\u00e4ter fl\u00fcchtete daraufhin und entfernte sich mit einem E-Roller in unbekannte Richtung. Die Polizei leitete umgehend umfangreiche Ermittlungen ein. <\/p>\n","protected":false},"excerpt":{"rendered":"Die Polizei ermittelt nach einem sexuellen \u00dcbergriff auf eine minderj\u00e4hrige Person in Bettemburg. Der Vorfall ereignete sich am&hellip;\n","protected":false},"author":2,"featured_media":13703,"comment_status":"","ping_status":"","sticky":false,"template":"","format":"standard","meta":{"footnotes":""},"categories":[4],"tags":[1833,5,246],"class_list":["post-13702","post","type-post","status-publish","format-standard","has-post-thumbnail","category-luxemburg","tag-bettemburg","tag-luxemburg","tag-polizeimeldung"],"share_on_mastodon":{"url":"https:\/\/pubeurope.com\/@lu_de\/117207316958279755","error":""},"_links":{"self":[{"href":"https:\/\/www.europesays.com\/lu-de\/wp-json\/wp\/v2\/posts\/13702","targetHints":{"allow":["GET"]}}],"collection":[{"href":"https:\/\/www.europesays.com\/lu-de\/wp-json\/wp\/v2\/posts"}],"about":[{"href":"https:\/\/www.europesays.com\/lu-de\/wp-json\/wp\/v2\/types\/post"}],"author":[{"embeddable":true,"href":"https:\/\/www.europesays.com\/lu-de\/wp-json\/wp\/v2\/users\/2"}],"replies":[{"embeddable":true,"href":"https:\/\/www.europesays.com\/lu-de\/wp-json\/wp\/v2\/comments?post=13702"}],"version-history":[{"count":0,"href":"https:\/\/www.europesays.com\/lu-de\/wp-json\/wp\/v2\/posts\/13702\/revisions"}],"wp:featuredmedia":[{"embeddable":true,"href":"https:\/\/www.europesays.com\/lu-de\/wp-json\/wp\/v2\/media\/13703"}],"wp:attachment":[{"href":"https:\/\/www.europesays.com\/lu-de\/wp-json\/wp\/v2\/media?parent=13702"}],"wp:term":[{"taxonomy":"category","embeddable":true,"href":"https:\/\/www.europesays.com\/lu-de\/wp-json\/wp\/v2\/categories?post=13702"},{"taxonomy":"post_tag","embeddable":true,"href":"https:\/\/www.europesays.com\/lu-de\/wp-json\/wp\/v2\/tags?post=13702"}],"curies":[{"name":"wp","href":"https:\/\/api.w.org\/{rel}","templated":true}]}}