{"id":13728,"date":"2026-09-04T03:07:15","date_gmt":"2026-09-04T03:07:15","guid":{"rendered":"https:\/\/www.europesays.com\/lu-de\/13728\/"},"modified":"2026-09-04T03:07:15","modified_gmt":"2026-09-04T03:07:15","slug":"tageblatt-lu-rettungseinsatz-mann-stirbt-nach-medizinischem-notfall-im-duedelinger-schwimmbad","status":"publish","type":"post","link":"https:\/\/www.europesays.com\/lu-de\/13728\/","title":{"rendered":"Tageblatt.lu | Rettungseinsatz | Mann stirbt nach medizinischem Notfall im D\u00fcdelinger Schwimmbad"},"content":{"rendered":"<p>Ein medizinischer Notfall in einem Schwimmbad in D\u00fcdelingen hat einen t\u00f6dlichen Ausgang genommen. Ein Mann wurde am Mittwoch regungslos in einem Schwimmbecken entdeckt und konnte trotz Reanimationsma\u00dfnahmen nicht gerettet werden. <\/p>\n<p>          &#13;<br \/>\n            Mann stirbt im Krankenhaus <\/p>\n<p>Die Polizei wurde am Mittwochnachmittag gegen 16.25 Uhr \u00fcber den Vorfall informiert. Nach ersten Erkenntnissen entdeckte das Personal des Schwimmbads den regungslosen Mann im Wasser und barg ihn aus dem Becken. Anschlie\u00dfend leiteten die Mitarbeiter Erste-Hilfe-Ma\u00dfnahmen ein. <\/p>\n<p>Rettungsdienst und Notarzt setzten die Reanimation fort. Der Mann wurde schlie\u00dflich in kritischem Zustand in ein Krankenhaus gebracht. <\/p>\n<p>Am Donnerstagmorgen wurde die Polizei dar\u00fcber informiert, dass der Mann im Krankenhaus verstorben war. <\/p>\n<p>Die Polizei nahm bereits vor Ort erste Ermittlungen auf. Die genauen Umst\u00e4nde des medizinischen Notfalls sind bislang nicht gekl\u00e4rt. Die Ermittlungen dauern an. <\/p>\n<p>Der Sch\u00f6ffenrat der Gemeinde D\u00fcdelingen dr\u00fcckte am Donnerstagnachmittag in einer offiziellen Verlautbarung den Angeh\u00f6rigen sein Beileid aus. <\/p>\n","protected":false},"excerpt":{"rendered":"Ein medizinischer Notfall in einem Schwimmbad in D\u00fcdelingen hat einen t\u00f6dlichen Ausgang genommen. Ein Mann wurde am Mittwoch&hellip;\n","protected":false},"author":2,"featured_media":13729,"comment_status":"","ping_status":"","sticky":false,"template":"","format":"standard","meta":{"footnotes":""},"categories":[4],"tags":[1160,5,246,3464],"class_list":["post-13728","post","type-post","status-publish","format-standard","has-post-thumbnail","category-luxemburg","tag-ddelingen","tag-luxemburg","tag-polizeimeldung","tag-schwimmbad"],"share_on_mastodon":{"url":"https:\/\/pubeurope.com\/@lu_de\/117210568938442802","error":""},"_links":{"self":[{"href":"https:\/\/www.europesays.com\/lu-de\/wp-json\/wp\/v2\/posts\/13728","targetHints":{"allow":["GET"]}}],"collection":[{"href":"https:\/\/www.europesays.com\/lu-de\/wp-json\/wp\/v2\/posts"}],"about":[{"href":"https:\/\/www.europesays.com\/lu-de\/wp-json\/wp\/v2\/types\/post"}],"author":[{"embeddable":true,"href":"https:\/\/www.europesays.com\/lu-de\/wp-json\/wp\/v2\/users\/2"}],"replies":[{"embeddable":true,"href":"https:\/\/www.europesays.com\/lu-de\/wp-json\/wp\/v2\/comments?post=13728"}],"version-history":[{"count":0,"href":"https:\/\/www.europesays.com\/lu-de\/wp-json\/wp\/v2\/posts\/13728\/revisions"}],"wp:featuredmedia":[{"embeddable":true,"href":"https:\/\/www.europesays.com\/lu-de\/wp-json\/wp\/v2\/media\/13729"}],"wp:attachment":[{"href":"https:\/\/www.europesays.com\/lu-de\/wp-json\/wp\/v2\/media?parent=13728"}],"wp:term":[{"taxonomy":"category","embeddable":true,"href":"https:\/\/www.europesays.com\/lu-de\/wp-json\/wp\/v2\/categories?post=13728"},{"taxonomy":"post_tag","embeddable":true,"href":"https:\/\/www.europesays.com\/lu-de\/wp-json\/wp\/v2\/tags?post=13728"}],"curies":[{"name":"wp","href":"https:\/\/api.w.org\/{rel}","templated":true}]}}