{"id":4213,"date":"2026-03-25T20:59:06","date_gmt":"2026-03-25T20:59:06","guid":{"rendered":"https:\/\/www.europesays.com\/lu-de\/4213\/"},"modified":"2026-03-25T20:59:06","modified_gmt":"2026-03-25T20:59:06","slug":"solidaritaetskonferenz-in-berlin-rosa-luxemburg-preis-fuer-aleida-guevara","status":"publish","type":"post","link":"https:\/\/www.europesays.com\/lu-de\/4213\/","title":{"rendered":"Solidarit\u00e4tskonferenz in Berlin \u2013 Rosa-Luxemburg-Preis f\u00fcr Aleida Guevara"},"content":{"rendered":"<p>    <img width=\"820\" height=\"515\" src=\"https:\/\/www.europesays.com\/lu-de\/wp-content\/uploads\/2026\/03\/Kuba-Che-Guevara--820x515.jpg\" class=\"attachment-large size-large wp-post-image\" alt=\"\" decoding=\"async\" fetchpriority=\"high\"  \/> (Bild von Pixabay)<\/p>\n<p data-start=\"299\" data-end=\"702\">Angesichts wachsender internationaler Spannungen und versch\u00e4rfter Sanktionen steht Kuba unter massivem Druck. Vor diesem Hintergrund l\u00e4dt die in Berlin erscheinende Tageszeitung junge Welt zu einer Solidarit\u00e4tskonferenz mit Kuba und den V\u00f6lkern Lateinamerikas ein. Im Anschluss wird der Rosa-Luxemburg-Preis an die kubanische \u00c4rztin und Internationalistin Aleida Guevara verliehen.<\/p>\n<p>Die Konferenz findet am 11. April von 13 bis 16 Uhr im Kino Babylon (Rosa-Luxemburg-Str. 30, Berlin) statt. Im Mittelpunkt stehen Analysen zur aktuellen Lage in Kuba und der Region. Als Referentinnen und Referenten sprechen die kubanische Journalistin Liz Oliva Fern\u00e1ndez, der spanische Medienwissenschaftler Ignacio Ramonet sowie die venezolanische Journalistin Julieta Daza.<\/p>\n<p>In einer anschlie\u00dfenden Podiumsdiskussion diskutieren Enrique Ubieta (Direktor der Zeitschrift Revoluci\u00f3n y Cultura, Kuba), Franco Cavalli (MediCuba, Schweiz), Fanny Michaela Reisin (J\u00fcdische Stimme f\u00fcr gerechten Frieden in Nahost) und Liz Oliva Fern\u00e1ndez. Die Moderation \u00fcbernimmt junge Welt-Chefredakteur Nick Brauns.<\/p>\n<p>Ab 16.30 Uhr wird der Rosa-Luxemburg-Preis an Aleida Guevara verliehen. Gew\u00fcrdigt wird ihr jahrzehntelanges Engagement als \u00c4rztin und ihre unerm\u00fcdliche internationale Solidarit\u00e4tsarbeit. Als Tochter des Revolution\u00e4rs Ernesto Che Guevara steht sie zugleich f\u00fcr ein politisches Erbe, das weltweit inspiriert und polarisiert.\u00a0Guevara nimmt die Auszeichnung stellvertretend f\u00fcr das kubanische Volk entgegen, das seit Jahrzehnten unter der US-Blockade steht und zugleich an seinem politischen Kurs festh\u00e4lt.<\/p>\n<p>Der Preis, der seit 2025 von junge Welt und dem Magazin Melodie &amp; Rhythmus vergeben wird, ehrt Pers\u00f6nlichkeiten f\u00fcr internationalistisches und gesellschaftspolitisches Wirken.<\/p>\n<p>Die Veranstaltung wird simultan ins Deutsche und Spanische \u00fcbersetzt.<\/p>\n<p>Tickets sind online \u00fcber den Shop der jungen Welt sowie im Laden in der Torstra\u00dfe 6 in Berlin erh\u00e4ltlich.<\/p>\n<p>Weitere Informationen: <a class=\"decorated-link\" href=\"http:\/\/www.jungewelt.de\/rosa-luxemburg-preis\/\" target=\"_new\" rel=\"noopener nofollow\" data-start=\"2278\" data-end=\"2316\">www.jungewelt.de\/rosa-luxemburg-preis\/<\/a><\/p>\n","protected":false},"excerpt":{"rendered":"(Bild von Pixabay) Angesichts wachsender internationaler Spannungen und versch\u00e4rfter Sanktionen steht Kuba unter massivem Druck. Vor diesem Hintergrund&hellip;\n","protected":false},"author":2,"featured_media":4214,"comment_status":"","ping_status":"","sticky":false,"template":"","format":"standard","meta":{"footnotes":""},"categories":[4],"tags":[889,890,891,892,5,893,894,895],"class_list":["post-4213","post","type-post","status-publish","format-standard","has-post-thumbnail","category-luxemburg","tag-aleida-guevara","tag-ernesto-che-guevara","tag-kino-babylon","tag-kuba","tag-luxemburg","tag-nicolas-maduro","tag-us-oelembargo","tag-venezuela"],"share_on_mastodon":{"url":"https:\/\/pubeurope.com\/@lu_de\/116291827449857467","error":""},"_links":{"self":[{"href":"https:\/\/www.europesays.com\/lu-de\/wp-json\/wp\/v2\/posts\/4213","targetHints":{"allow":["GET"]}}],"collection":[{"href":"https:\/\/www.europesays.com\/lu-de\/wp-json\/wp\/v2\/posts"}],"about":[{"href":"https:\/\/www.europesays.com\/lu-de\/wp-json\/wp\/v2\/types\/post"}],"author":[{"embeddable":true,"href":"https:\/\/www.europesays.com\/lu-de\/wp-json\/wp\/v2\/users\/2"}],"replies":[{"embeddable":true,"href":"https:\/\/www.europesays.com\/lu-de\/wp-json\/wp\/v2\/comments?post=4213"}],"version-history":[{"count":0,"href":"https:\/\/www.europesays.com\/lu-de\/wp-json\/wp\/v2\/posts\/4213\/revisions"}],"wp:featuredmedia":[{"embeddable":true,"href":"https:\/\/www.europesays.com\/lu-de\/wp-json\/wp\/v2\/media\/4214"}],"wp:attachment":[{"href":"https:\/\/www.europesays.com\/lu-de\/wp-json\/wp\/v2\/media?parent=4213"}],"wp:term":[{"taxonomy":"category","embeddable":true,"href":"https:\/\/www.europesays.com\/lu-de\/wp-json\/wp\/v2\/categories?post=4213"},{"taxonomy":"post_tag","embeddable":true,"href":"https:\/\/www.europesays.com\/lu-de\/wp-json\/wp\/v2\/tags?post=4213"}],"curies":[{"name":"wp","href":"https:\/\/api.w.org\/{rel}","templated":true}]}}