{"id":5535,"date":"2026-04-12T07:24:03","date_gmt":"2026-04-12T07:24:03","guid":{"rendered":"https:\/\/www.europesays.com\/lu-de\/5535\/"},"modified":"2026-04-12T07:24:03","modified_gmt":"2026-04-12T07:24:03","slug":"spritpreise-in-grabow-schwesig-fordert-luxemburger-modell","status":"publish","type":"post","link":"https:\/\/www.europesays.com\/lu-de\/5535\/","title":{"rendered":"Spritpreise in Grabow: Schwesig fordert Luxemburger Modell"},"content":{"rendered":"<p class=\"paragraph tw-mx-auto tw-mb-6\">Ministerpr\u00e4sidentin <a class=\"rtr-entity\" data-rtr-entity=\"Manuela Schwesig\" data-rtr-id=\"ca7375920e06eef7e64111bd9bbf2e2e759002a7\" data-rtr-score=\"302.6759203379602\" data-rtr-etype=\"person\" data-rtr-index=\"0\" href=\"https:\/\/www.nordkurier.de\/thema\/manuela-schwesig\" rel=\"nofollow noopener\" target=\"_blank\">Manuela Schwesig<\/a> macht weiter \u00f6ffentlichen Druck f\u00fcr eine schnelle und sp\u00fcrbare Senkung der Spritpreise. Die Landeschefin nutzte am Wochenende ihren Auftritt als Gast beim diesj\u00e4hrigen Neujahrsempfang der Stadt Grabow, um eine Mischung aus Steuersenkung und Luxemburger Modell von der Bundesregierung zu fordern.<\/p>\n<p class=\"paragraph tw-mx-auto tw-mb-6\">\u201eWir m\u00fcssen den Aufwand, den die Menschen hier betreiben, mit niedrigen Energiekosten kompensieren. Die hohen Spritpreise sind ein Problem, insbesondere f\u00fcr uns als Fl\u00e4chenland, ob die Handwerker zu ihren Auftr\u00e4gen fahren, ob die Spediteure die Waren liefern oder die Menschen der Pflegedienste, die von Ort zu Ort fahren. Alle sind betroffen.\u201c<\/p>\n<p>Schwesig akzeptiert die gegenw\u00e4rtige Situation nicht<\/p>\n<p class=\"tw-text-neutral-10 tw-py-2 tw-border-t tw-mb-0 tw-text-title-md tw-font-medium tw-border-solid tw-border-b-neutral-10 tw-font-primary\">Empfohlene Artikel<\/p>\n<p class=\"paragraph tw-mx-auto tw-mb-6\">Sie k\u00f6nne nicht verstehen und schon gar nicht akzeptieren, dass es in anderen L\u00e4ndern gehe, dass die Spritpreise dort schrittweise gesenkt w\u00fcrden, auch mithilfe von Steuersenkungen und in <a class=\"rtr-entity\" data-rtr-entity=\"Deutschland\" data-rtr-id=\"6c48d7d5b099c64b41367070a52ae27833560fd5\" data-rtr-score=\"16.185878092939046\" data-rtr-etype=\"location\" data-rtr-index=\"11\" href=\"https:\/\/www.nordkurier.de\/thema\/deutschland\" rel=\"nofollow noopener\" target=\"_blank\">Deutschland<\/a> solle das nicht gehen. \u201eSo funktioniert es zum Beispiel in Luxemburg, das nun wirklich kein sozialistisches oder kommunistisches Land ist. Ich finde, wir sind bei den Spritpreisen sehr sp\u00e4t dran, aber es ist nie zu sp\u00e4t. Die Bundesregierung hat es tagelang einfach laufen lassen. Es wird jetzt Zeit, dass auch Deutschland einen Preis nach dem sogenannten Luxemburger Modell bekommt.\u201c Beim Luxemburger Modell wird politisch ein Oberpreis festgelegt, an den sich alle zu halten haben. Dieser Preis kann von der Politik je nach Lage weiter angepasst werden.<\/p>\n<p>\u00d6lkonzerne sollen Teil ihrer Gewinne abgeben m\u00fcssen<\/p>\n<p class=\"paragraph tw-mx-auto tw-mb-6\">Schwesig forderte zudem eine Senkung der Energiesteuer. Als Teil der Gegenfinanzierung finde sie es vollkommen legitim zu sagen, dass \u00d6lkonzerne ihre sehr guten, zus\u00e4tzlichen Gewinne zum Teil abgeben m\u00fcssten. Sie erw\u00e4hnte in ihrer Rede, dass sie auch mit dem Kanzler dar\u00fcber schon gesprochen habe und dass sie sich mit vielen Ministerpr\u00e4sidenten in der Sache einig sei. Ihr seid relativ egal, welche Partei den Kanzler stelle. Sie habe auch schon mit Frau Merkel Klartext geredet sowie mit Scholz. Auch sie sei daf\u00fcr, das eigentlich intern zu kl\u00e4ren. Aber wenn nichts passiere, m\u00fcsse man auch rausgehen und daf\u00fcr \u00f6ffentlich werben.<\/p>\n<p>Aktuelle Lage schaffe kein Vertrauen in die Politik<\/p>\n<p class=\"paragraph tw-mx-auto tw-mb-6\">\u201eIch bin mit der gegenw\u00e4rtigen Situation nicht zufrieden, weil ich wei\u00df, dass viele den Eindruck haben, dass \u00fcberall etwas passiert, in Polen, in Luxemburg, nur in Deutschland nicht. Das schafft kein Vertrauen in die Politik.\u201c An dieser Stelle ihrer langen Rede erhielt die Ministerpr\u00e4sidentin spontanen und lang anhaltenden Beifall. Und das nicht nur aus dem Lager ihrer Partei.<\/p>\n<p class=\"paragraph tw-mx-auto tw-mb-6\">Die Forderung nach bezahlbaren Spritpreisen war aber gar nicht das zentrale Thema des Jahresempfangs in Grabow. Vielmehr wurde die Geschlossenheit im l\u00e4ndlichen Raum, wurden die Menschen im Ehrenamt gew\u00fcrdigt.\u00a0 Rein politisch war der Jahresempfang in Grabow eine lupenreine SPD-Veranstaltung. Sowohl B\u00fcrgermeisterin Kathleen Bartels als auch Landrat Stefan Sternberg und Ministerpr\u00e4sidentin Manuela Schwesig, sie alle geh\u00f6ren zur SPD. Trotzdem wurde in den Reden an diesem Abend nicht ein einziges Mal das Wort Landtagswahl erw\u00e4hnt. Der Wahlkampf und andere Parteien wurden nicht erw\u00e4hnt, geschweige denn schlechtgeredet. Dennoch war der Abend indirekt auch eine Werbung f\u00fcr die Sozialdemokratie.<\/p>\n","protected":false},"excerpt":{"rendered":"Ministerpr\u00e4sidentin Manuela Schwesig macht weiter \u00f6ffentlichen Druck f\u00fcr eine schnelle und sp\u00fcrbare Senkung der Spritpreise. Die Landeschefin nutzte&hellip;\n","protected":false},"author":2,"featured_media":5536,"comment_status":"","ping_status":"","sticky":false,"template":"","format":"standard","meta":{"footnotes":""},"categories":[4],"tags":[1228,5,1227,1229,191],"class_list":["post-5535","post","type-post","status-publish","format-standard","has-post-thumbnail","category-luxemburg","tag-grabow","tag-luxemburg","tag-schwesig","tag-senkung","tag-spritpreise"],"share_on_mastodon":{"url":"https:\/\/pubeurope.com\/@lu_de\/116390544359775365","error":""},"_links":{"self":[{"href":"https:\/\/www.europesays.com\/lu-de\/wp-json\/wp\/v2\/posts\/5535","targetHints":{"allow":["GET"]}}],"collection":[{"href":"https:\/\/www.europesays.com\/lu-de\/wp-json\/wp\/v2\/posts"}],"about":[{"href":"https:\/\/www.europesays.com\/lu-de\/wp-json\/wp\/v2\/types\/post"}],"author":[{"embeddable":true,"href":"https:\/\/www.europesays.com\/lu-de\/wp-json\/wp\/v2\/users\/2"}],"replies":[{"embeddable":true,"href":"https:\/\/www.europesays.com\/lu-de\/wp-json\/wp\/v2\/comments?post=5535"}],"version-history":[{"count":0,"href":"https:\/\/www.europesays.com\/lu-de\/wp-json\/wp\/v2\/posts\/5535\/revisions"}],"wp:featuredmedia":[{"embeddable":true,"href":"https:\/\/www.europesays.com\/lu-de\/wp-json\/wp\/v2\/media\/5536"}],"wp:attachment":[{"href":"https:\/\/www.europesays.com\/lu-de\/wp-json\/wp\/v2\/media?parent=5535"}],"wp:term":[{"taxonomy":"category","embeddable":true,"href":"https:\/\/www.europesays.com\/lu-de\/wp-json\/wp\/v2\/categories?post=5535"},{"taxonomy":"post_tag","embeddable":true,"href":"https:\/\/www.europesays.com\/lu-de\/wp-json\/wp\/v2\/tags?post=5535"}],"curies":[{"name":"wp","href":"https:\/\/api.w.org\/{rel}","templated":true}]}}