{"id":8951,"date":"2026-06-02T15:15:12","date_gmt":"2026-06-02T15:15:12","guid":{"rendered":"https:\/\/www.europesays.com\/lu-de\/8951\/"},"modified":"2026-06-02T15:15:12","modified_gmt":"2026-06-02T15:15:12","slug":"tageblatt-lu-medienpolitik-luxemburg-will-journalisten-besser-vor-einschuechterungsklagen-schuetzen","status":"publish","type":"post","link":"https:\/\/www.europesays.com\/lu-de\/8951\/","title":{"rendered":"Tageblatt.lu | MEDIENPOLITIK | Luxemburg will Journalisten besser vor Einsch\u00fcchterungsklagen sch\u00fctzen"},"content":{"rendered":"<p>Die luxemburgische Regierung hat ihr Engagement f\u00fcr die Pressefreiheit und den Schutz von Journalistinnen und Journalisten bekr\u00e4ftigt. Im Rahmen einer Konferenz im Kulturzentrum Neum\u00fcnster stellte sie am Montag Ma\u00dfnahmen gegen sogenannte Slapp-Klagen (Strategic Lawsuits Against Public Participation) sowie den Nationalen Aktionsplan zur Sicherheit von Journalistinnen und Journalisten f\u00fcr die Jahre 2025 bis 2028 vor. <\/p>\n<p>          &#13;<br \/>\n            Zentrale Rolle in der Demokratie <\/p>\n<p>Die Veranstaltung wurde anl\u00e4sslich des Welttags der Pressefreiheit vom Staatsministerium, dem Dienst f\u00fcr Medien, Konnektivit\u00e4t und Digitalpolitik (SMC), dem Presse- und Informationsamt der Regierung (SIP) sowie der Nationalen Unesco-Kommission organisiert. <\/p>\n<p>Premierminister Luc Frieden und die Justizministerin sowie f\u00fcr Medien und Konnektivit\u00e4t zust\u00e4ndige Ministerin Elisabeth Margue (beide CSV) hoben die Bedeutung eines freien und sicheren Arbeitsumfelds f\u00fcr Journalistinnen und Journalisten hervor. Frieden betonte in seiner Ansprache die zentrale Rolle unabh\u00e4ngiger und pluralistischer Informationen f\u00fcr eine demokratische Gesellschaft. Medienschaffende m\u00fcssten ihre Arbeit unter guten Bedingungen und frei von Einsch\u00fcchterungsversuchen aus\u00fcben k\u00f6nnen. <\/p>\n<p>In ihrer Grundsatzrede erl\u00e4uterte Flutura Kusari vom European Centre for Press and Media Freedom die Auswirkungen von Slapp-Klagen auf die t\u00e4gliche Arbeit von Journalistinnen und Journalisten. <\/p>\n<p>Dauerthema Informationszugang <\/p>\n<p>Im anschlie\u00dfenden Rundtischgespr\u00e4ch erkl\u00e4rten der Pr\u00e4sident der Journalistenvereinigung ALJP und Tageblatt-Journalist Sidney Wiltgen sowie der Pr\u00e4sident des Presserats und Journal-Journalist Misch Pautsch, dass sich Slapp-Klagen gegen Medienschaffende auch in Luxemburg h\u00e4uften. Beide begr\u00fc\u00dften die Umsetzung der EU-Richtlinie, machten jedoch deutlich, dass diese nur ein Baustein sei, um Journalistinnen und Journalisten eine freie Berufsaus\u00fcbung zu erm\u00f6glichen. <\/p>\n<p>In diesem Zusammenhang verwiesen sie insbesondere auf den Informationszugang, auf den Journalisten in Luxemburg seit gut 20 Jahren warten und der sich momentan auf dem Instanzenweg befindet. <\/p>\n<p>Ministerin Margue sprach sich f\u00fcr einen ganzheitlichen Ansatz zur St\u00e4rkung des Journalismus aus. Neben rechtlichen Schutzmechanismen brauche es auch eine verl\u00e4ssliche finanzielle Unterst\u00fctzung der Medien. Einigkeit herrschte unter den Diskussionsteilnehmern dar\u00fcber, dass eine freie Presse eine unverzichtbare Voraussetzung f\u00fcr das Funktionieren einer demokratischen Gesellschaft ist. (cs) <\/p>\n","protected":false},"excerpt":{"rendered":"Die luxemburgische Regierung hat ihr Engagement f\u00fcr die Pressefreiheit und den Schutz von Journalistinnen und Journalisten bekr\u00e4ftigt. Im&hellip;\n","protected":false},"author":2,"featured_media":8952,"comment_status":"","ping_status":"","sticky":false,"template":"","format":"standard","meta":{"footnotes":""},"categories":[4],"tags":[2177,885,2178,2175,266,5,2176,2180,2174,2179],"class_list":["post-8951","post","type-post","status-publish","format-standard","has-post-thumbnail","category-luxemburg","tag-aljp","tag-elisabeth-margue","tag-european-centre-for-press-and-media-freedom","tag-flutura-kusari","tag-luc-frieden","tag-luxemburg","tag-misch-pautsch","tag-pressefreiheit","tag-sidney-wiltgen","tag-slapp-klage"],"share_on_mastodon":{"url":"https:\/\/pubeurope.com\/@lu_de\/116681174300256226","error":""},"_links":{"self":[{"href":"https:\/\/www.europesays.com\/lu-de\/wp-json\/wp\/v2\/posts\/8951","targetHints":{"allow":["GET"]}}],"collection":[{"href":"https:\/\/www.europesays.com\/lu-de\/wp-json\/wp\/v2\/posts"}],"about":[{"href":"https:\/\/www.europesays.com\/lu-de\/wp-json\/wp\/v2\/types\/post"}],"author":[{"embeddable":true,"href":"https:\/\/www.europesays.com\/lu-de\/wp-json\/wp\/v2\/users\/2"}],"replies":[{"embeddable":true,"href":"https:\/\/www.europesays.com\/lu-de\/wp-json\/wp\/v2\/comments?post=8951"}],"version-history":[{"count":0,"href":"https:\/\/www.europesays.com\/lu-de\/wp-json\/wp\/v2\/posts\/8951\/revisions"}],"wp:featuredmedia":[{"embeddable":true,"href":"https:\/\/www.europesays.com\/lu-de\/wp-json\/wp\/v2\/media\/8952"}],"wp:attachment":[{"href":"https:\/\/www.europesays.com\/lu-de\/wp-json\/wp\/v2\/media?parent=8951"}],"wp:term":[{"taxonomy":"category","embeddable":true,"href":"https:\/\/www.europesays.com\/lu-de\/wp-json\/wp\/v2\/categories?post=8951"},{"taxonomy":"post_tag","embeddable":true,"href":"https:\/\/www.europesays.com\/lu-de\/wp-json\/wp\/v2\/tags?post=8951"}],"curies":[{"name":"wp","href":"https:\/\/api.w.org\/{rel}","templated":true}]}}