{"id":9509,"date":"2026-06-10T14:00:11","date_gmt":"2026-06-10T14:00:11","guid":{"rendered":"https:\/\/www.europesays.com\/lu-de\/9509\/"},"modified":"2026-06-10T14:00:11","modified_gmt":"2026-06-10T14:00:11","slug":"tageblatt-lu-innovation-luxemburger-nachwuchsforscher-siegen-mit-smartem-hautkrebs-armband","status":"publish","type":"post","link":"https:\/\/www.europesays.com\/lu-de\/9509\/","title":{"rendered":"Tageblatt.lu | Innovation | Luxemburger Nachwuchsforscher siegen mit smartem Hautkrebs-Armband"},"content":{"rendered":"<p>Drei Sch\u00fcler des Ath\u00e9n\u00e9e de Luxembourg haben mit einem innovativen Medizintechnik-Projekt einen internationalen Wissenschaftswettbewerb gewonnen. Beim International Mathematics, Science and Engineering Fair (Imsef) 2026 in \u00c7e\u015fme in der T\u00fcrkei sicherten sich Shaheen Aljourdi, Rodrigo Von Mayer Goulart und Yigit G\u00fcnes den ersten Platz ihrer Kategorie und die Goldmedaille. <\/p>\n<p>Ausgezeichnet wurde ihr Projekt \u201eAURA\u201c, ein tragbares Armband, das die Fr\u00fcherkennung von Hautkrebs unterst\u00fctzen soll. Das Ger\u00e4t kombiniert einen UV-Sensor zur \u00dcberwachung der Sonneneinstrahlung mit elektrischer Impedanzspektroskopie zur Analyse von Hautver\u00e4nderungen. Erg\u00e4nzt wird das System durch eine k\u00fcnstliche Intelligenz, die anhand von mehr als 10.000 dermatologischen Bildern trainiert wurde und vollst\u00e4ndig offline arbeitet. Der Wettbewerb brachte in diesem Jahr 236 Projekte aus 17 L\u00e4ndern zusammen. In ihrer Kategorie setzten sich die Luxemburger Nachwuchsforscher gegen sechs weitere Finalistenteams durch. <\/p>\n<p>Bereits 2025 pr\u00e4sentierte das Team AURA beim Europ\u00e4ischen Wettbewerb f\u00fcr junge Wissenschaftler (Eucys) in Riga und gewann sp\u00e4ter bei der ExpoCiencias Nacional in Mexiko eine Bronzemedaille. Zudem erhielt das Projekt eine F\u00f6rderung der Fondation Cancer Luxembourg. \u201eDer Imsef 2026 war f\u00fcr uns alle ein unvergessliches Erlebnis\u201c, sagt Teammitglied Von Mayer Goulart. Besonders der internationale Austausch und das Feedback der Fachjury h\u00e4tten das Team darin best\u00e4rkt, die Entwicklung weiter voranzutreiben. (DJ) <\/p>\n","protected":false},"excerpt":{"rendered":"Drei Sch\u00fcler des Ath\u00e9n\u00e9e de Luxembourg haben mit einem innovativen Medizintechnik-Projekt einen internationalen Wissenschaftswettbewerb gewonnen. Beim International Mathematics,&hellip;\n","protected":false},"author":2,"featured_media":9510,"comment_status":"","ping_status":"","sticky":false,"template":"","format":"standard","meta":{"footnotes":""},"categories":[4],"tags":[2388,1250,2391,2389,5,2390],"class_list":["post-9509","post","type-post","status-publish","format-standard","has-post-thumbnail","category-luxemburg","tag-fondation-jeunes-scientifi-ques-luxembourg","tag-forschung","tag-hautkrebs-armband","tag-innovation","tag-luxemburg","tag-schler"],"share_on_mastodon":{"url":"https:\/\/pubeurope.com\/@lu_de\/116726177898689594","error":""},"_links":{"self":[{"href":"https:\/\/www.europesays.com\/lu-de\/wp-json\/wp\/v2\/posts\/9509","targetHints":{"allow":["GET"]}}],"collection":[{"href":"https:\/\/www.europesays.com\/lu-de\/wp-json\/wp\/v2\/posts"}],"about":[{"href":"https:\/\/www.europesays.com\/lu-de\/wp-json\/wp\/v2\/types\/post"}],"author":[{"embeddable":true,"href":"https:\/\/www.europesays.com\/lu-de\/wp-json\/wp\/v2\/users\/2"}],"replies":[{"embeddable":true,"href":"https:\/\/www.europesays.com\/lu-de\/wp-json\/wp\/v2\/comments?post=9509"}],"version-history":[{"count":0,"href":"https:\/\/www.europesays.com\/lu-de\/wp-json\/wp\/v2\/posts\/9509\/revisions"}],"wp:featuredmedia":[{"embeddable":true,"href":"https:\/\/www.europesays.com\/lu-de\/wp-json\/wp\/v2\/media\/9510"}],"wp:attachment":[{"href":"https:\/\/www.europesays.com\/lu-de\/wp-json\/wp\/v2\/media?parent=9509"}],"wp:term":[{"taxonomy":"category","embeddable":true,"href":"https:\/\/www.europesays.com\/lu-de\/wp-json\/wp\/v2\/categories?post=9509"},{"taxonomy":"post_tag","embeddable":true,"href":"https:\/\/www.europesays.com\/lu-de\/wp-json\/wp\/v2\/tags?post=9509"}],"curies":[{"name":"wp","href":"https:\/\/api.w.org\/{rel}","templated":true}]}}