{"id":10952,"date":"2026-05-05T20:24:40","date_gmt":"2026-05-05T20:24:40","guid":{"rendered":"https:\/\/www.europesays.com\/lu-fr\/10952\/"},"modified":"2026-05-05T20:24:40","modified_gmt":"2026-05-05T20:24:40","slug":"lidl-lance-le-self-scanning-via-smartphone-et-les-balances-intelligentes-au-luxembourg","status":"publish","type":"post","link":"https:\/\/www.europesays.com\/lu-fr\/10952\/","title":{"rendered":"Lidl lance le self-scanning via smartphone et les balances intelligentes au Luxembourg"},"content":{"rendered":"<p>        <img decoding=\"async\" src=\"https:\/\/www.retaildetail.be\/wp-content\/themes\/retaildetail\/assets\/sources\/images\/book_icon.svg\" alt=\"icon\" title=\"Article\"\/>    <\/p>\n<p>            <img width=\"1024\" height=\"683\" src=\"https:\/\/www.europesays.com\/lu-fr\/wp-content\/uploads\/2026\/05\/Lidl-scango-Luxembourg-1-1024x683.jpg\" class=\"attachment-large size-large wp-post-image\" alt=\"\" decoding=\"async\" fetchpriority=\"high\"  \/>        <\/p>\n<p>\u00a9 Lidl<\/p>\n<p>Depuis cette semaine, les clients de trois magasins Lidl au Luxembourg peuvent scanner leurs achats avec leur smartphone, gr\u00e2ce \u00e0 la fonction \u00ab Scan&amp;Go \u00bb de l\u2019application Lidl Plus. Des balances intelligentes dot\u00e9es d\u2019une IA facilitent le processus.<\/p>\n<p>Pas de r\u00e9duction des effectifs<\/p>\n<p>Lundi dernier, Lidl Luxembourg a lanc\u00e9 le nouveau service \u00ab Scan &amp; Go \u00bb dans trois magasins pilotes \u00e0 Dudelange, Strassen et Windhof. Les clients peuvent y scanner les produits avec leur propre smartphone, via l\u2019application Lidl Plus. Ils voient ainsi imm\u00e9diatement le montant total de leurs achats et les r\u00e9ductions appliqu\u00e9es. Le paiement s\u2019effectue facilement aux caisses en libre-service.<\/p>\n<p>Une innovation int\u00e9ressante dans les trois magasins concern\u00e9s est l\u2019installation de balances intelligentes dot\u00e9es d\u2019IA, capables de reconna\u00eetre les fruits et l\u00e9gumes. Le client place les produits sur la balance, le syst\u00e8me affiche le produit \u00e0 l\u2019\u00e9cran, le client confirme. Une \u00e9tiquette avec un code-barres est ensuite imprim\u00e9e, afin que l\u2019article puisse \u00eatre scann\u00e9.<\/p>\n<p>\u00ab Si cette technologie renforce l\u2019efficacit\u00e9 et l\u2019autonomie de nos clients, elle ne signifie en aucun cas une r\u00e9duction du personnel. Au contraire, nos collaborateurs disposent d\u00e9sormais de plus de temps pour conseiller et accompagner les clients en magasin \u00bb, explique le d\u00e9taillant sur LinkedIn. Lidl pr\u00e9voit d\u2019\u00e9quiper tous ses magasins au Luxembourg du syst\u00e8me Scan &amp; Go d\u00e8s le d\u00e9but de l\u2019ann\u00e9e 2027, apr\u00e8s la phase de test.<\/p>\n<p>Le discounter a lanc\u00e9 la fonction Scan &amp; Go dans l\u2019application Lidl Plus <a href=\"https:\/\/www.retaildetail.be\/fr\/news\/food\/lapplication-lidl-plus-se-dote-dune-fonction-dauto-scanner\/\" rel=\"nofollow noopener\" target=\"_blank\">pour la premi\u00e8re fois en 2024<\/a> en Allemagne et l\u2019a depuis d\u00e9ploy\u00e9e notamment aux Pays-Bas, en Pologne, en Suisse et en Finlande.<\/p>\n","protected":false},"excerpt":{"rendered":"\u00a9 Lidl Depuis cette semaine, les clients de trois magasins Lidl au Luxembourg peuvent scanner leurs achats avec&hellip;\n","protected":false},"author":2,"featured_media":10953,"comment_status":"","ping_status":"","sticky":false,"template":"","format":"standard","meta":{"footnotes":"","_share_on_mastodon":"0"},"categories":[4],"tags":[2546,5,2547],"class_list":["post-10952","post","type-post","status-publish","format-standard","has-post-thumbnail","category-luxembourg","tag-intelligence-artificielle","tag-luxembourg","tag-zelfscankassas"],"share_on_mastodon":{"url":"https:\/\/pubeurope.com\/@lu_fr\/116523844587072383","error":""},"_links":{"self":[{"href":"https:\/\/www.europesays.com\/lu-fr\/wp-json\/wp\/v2\/posts\/10952","targetHints":{"allow":["GET"]}}],"collection":[{"href":"https:\/\/www.europesays.com\/lu-fr\/wp-json\/wp\/v2\/posts"}],"about":[{"href":"https:\/\/www.europesays.com\/lu-fr\/wp-json\/wp\/v2\/types\/post"}],"author":[{"embeddable":true,"href":"https:\/\/www.europesays.com\/lu-fr\/wp-json\/wp\/v2\/users\/2"}],"replies":[{"embeddable":true,"href":"https:\/\/www.europesays.com\/lu-fr\/wp-json\/wp\/v2\/comments?post=10952"}],"version-history":[{"count":0,"href":"https:\/\/www.europesays.com\/lu-fr\/wp-json\/wp\/v2\/posts\/10952\/revisions"}],"wp:featuredmedia":[{"embeddable":true,"href":"https:\/\/www.europesays.com\/lu-fr\/wp-json\/wp\/v2\/media\/10953"}],"wp:attachment":[{"href":"https:\/\/www.europesays.com\/lu-fr\/wp-json\/wp\/v2\/media?parent=10952"}],"wp:term":[{"taxonomy":"category","embeddable":true,"href":"https:\/\/www.europesays.com\/lu-fr\/wp-json\/wp\/v2\/categories?post=10952"},{"taxonomy":"post_tag","embeddable":true,"href":"https:\/\/www.europesays.com\/lu-fr\/wp-json\/wp\/v2\/tags?post=10952"}],"curies":[{"name":"wp","href":"https:\/\/api.w.org\/{rel}","templated":true}]}}