{"id":11185,"date":"2026-05-07T19:13:28","date_gmt":"2026-05-07T19:13:28","guid":{"rendered":"https:\/\/www.europesays.com\/lu-fr\/11185\/"},"modified":"2026-05-07T19:13:28","modified_gmt":"2026-05-07T19:13:28","slug":"tour-final-de-p2-la-reclamation-de-martelange-jugee-non-recevable-messancy-b-ira-bien-a-aubange-samedi","status":"publish","type":"post","link":"https:\/\/www.europesays.com\/lu-fr\/11185\/","title":{"rendered":"Tour final de P2\u00a0: la r\u00e9clamation de Martelange jug\u00e9e non recevable, Messancy B ira bien \u00e0 Aubange samedi"},"content":{"rendered":"<p class=\"ap-StoryElement ap-StoryElement--mb ap-StoryText\">Fin du suspense ! Martelange est bel et bien \u00e9limin\u00e9 du tour final de P2. Sortis sur le terrain dimanche contre Messancy B, les Ardoisiers avaient introduit une r\u00e9clamation. Ils estimaient que Romain Monhonval ne pouvait pas jouer ce match puisqu&rsquo;il a particip\u00e9 \u00e0 seize des trente matchs de D3 avec l&rsquo;\u00e9quipe A.<\/p>\n<p class=\"ap-StoryElement ap-StoryElement--mb ap-StoryText\">Le dossier est pass\u00e9 devant la Commission disciplinaire du FFA ce mercredi soir \u00e0 Cognel\u00e9e et la r\u00e9clamation de Martelange a \u00e9t\u00e9 jug\u00e9e non recevable. Elle n&rsquo;a pas \u00e9t\u00e9 introduite dans les d\u00e9lais. Le CQ du club, Sylvain Cotman, est actuellement en voyage au Mexique et il n&rsquo;a pu envoyer la r\u00e9clamation avant lundi midi. Elle est arriv\u00e9e \u00e0 14h03. En cons\u00e9quence, Messancy B passe bien au tour suivant et ira d\u00e9fier Aubange samedi\u2026 sans Romain Monhonval.<\/p>\n<p>Pour acc\u00e9der \u00e0 cet article, veuillez vous connecter au r\u00e9seau internet.<\/p>\n","protected":false},"excerpt":{"rendered":"Fin du suspense ! Martelange est bel et bien \u00e9limin\u00e9 du tour final de P2. Sortis sur le&hellip;\n","protected":false},"author":2,"featured_media":11186,"comment_status":"","ping_status":"","sticky":false,"template":"","format":"standard","meta":{"footnotes":"","_share_on_mastodon":"0"},"categories":[4],"tags":[672,5,1788],"class_list":["post-11185","post","type-post","status-publish","format-standard","has-post-thumbnail","category-luxembourg","tag-aubange","tag-luxembourg","tag-martelange"],"share_on_mastodon":{"url":"https:\/\/pubeurope.com\/@lu_fr\/116534890089585325","error":""},"_links":{"self":[{"href":"https:\/\/www.europesays.com\/lu-fr\/wp-json\/wp\/v2\/posts\/11185","targetHints":{"allow":["GET"]}}],"collection":[{"href":"https:\/\/www.europesays.com\/lu-fr\/wp-json\/wp\/v2\/posts"}],"about":[{"href":"https:\/\/www.europesays.com\/lu-fr\/wp-json\/wp\/v2\/types\/post"}],"author":[{"embeddable":true,"href":"https:\/\/www.europesays.com\/lu-fr\/wp-json\/wp\/v2\/users\/2"}],"replies":[{"embeddable":true,"href":"https:\/\/www.europesays.com\/lu-fr\/wp-json\/wp\/v2\/comments?post=11185"}],"version-history":[{"count":0,"href":"https:\/\/www.europesays.com\/lu-fr\/wp-json\/wp\/v2\/posts\/11185\/revisions"}],"wp:featuredmedia":[{"embeddable":true,"href":"https:\/\/www.europesays.com\/lu-fr\/wp-json\/wp\/v2\/media\/11186"}],"wp:attachment":[{"href":"https:\/\/www.europesays.com\/lu-fr\/wp-json\/wp\/v2\/media?parent=11185"}],"wp:term":[{"taxonomy":"category","embeddable":true,"href":"https:\/\/www.europesays.com\/lu-fr\/wp-json\/wp\/v2\/categories?post=11185"},{"taxonomy":"post_tag","embeddable":true,"href":"https:\/\/www.europesays.com\/lu-fr\/wp-json\/wp\/v2\/tags?post=11185"}],"curies":[{"name":"wp","href":"https:\/\/api.w.org\/{rel}","templated":true}]}}