{"id":13088,"date":"2026-05-27T11:47:15","date_gmt":"2026-05-27T11:47:15","guid":{"rendered":"https:\/\/www.europesays.com\/lu-fr\/13088\/"},"modified":"2026-05-27T11:47:15","modified_gmt":"2026-05-27T11:47:15","slug":"la-n89-a-libramont-partiellement-bloquee-a-cause-des-castors-voici-les-faits-divers-des-dernieres-heures","status":"publish","type":"post","link":"https:\/\/www.europesays.com\/lu-fr\/13088\/","title":{"rendered":"La N89 \u00e0 Libramont partiellement bloqu\u00e9e \u00e0 cause\u2026 des castors\u00a0!\u00a0: voici les faits divers des derni\u00e8res heures"},"content":{"rendered":"<p>Les routes de la r\u00e9gion perturb\u00e9es<\/p>\n<p class=\"ap-StoryElement ap-StoryElement--mb ap-StoryText\">La circulation a \u00e9galement \u00e9t\u00e9 le th\u00e9\u00e2tre de plusieurs incidents, de nuit comme de jour.<\/p>\n<p class=\"ap-StoryElement ap-StoryElement--mb ap-StoryText\">Plus tard dans la nuit de mardi, vers 22h15, les secours ont \u00e9t\u00e9 appel\u00e9s sur la N849 \u00e0 Awenne (Saint-Hubert) \u00e0 la suite d&rsquo;une collision. L&rsquo;accident a impliqu\u00e9 trois v\u00e9hicules. Les pompiers de Saint-Hubert se sont rendus sur place. Le bilan fait \u00e9tat de bless\u00e9s l\u00e9gers.<\/p>\n<p class=\"ap-StoryElement ap-StoryElement--mb ap-StoryText\">Ce mercredi matin, vers 8h05, un accident s&rsquo;est produit sur la N82 \u00e0 Arlon. Pour une raison encore ind\u00e9termin\u00e9e, le conducteur d&rsquo;un poids lourd a tent\u00e9 d&rsquo;\u00e9viter un accident. Dans sa man\u0153uvre, le camion a quitt\u00e9 sa trajectoire, basculant de la N82 pour terminer sa course retourn\u00e9 dans le talus de l&rsquo;autoroute E411 en contrebas. Une sortie de route spectaculaire qui a n\u00e9cessit\u00e9 le d\u00e9ploiement des pompiers d&rsquo;Aubange et d&rsquo;Arlon.<\/p>\n<p><img loading=\"lazy\" decoding=\"async\" class=\"w-full lazyload lazyload--opacity object-contain\" style=\"aspect-ratio:133 \/ 100;opacity:1\" alt=\"Le camion s'est retourn\u00e9 dans le talus. Photo : Groupe Jourdan.\" width=\"768\" height=\"576\" fetchpriority=\"auto\" src=\"https:\/\/www.europesays.com\/lu-fr\/wp-content\/uploads\/2026\/05\/1779882434_469_S5VKD3X55FFF3BW6V4SEHXNP7I.png\"  data- data-optimumx=\"1\"\/><img loading=\"lazy\" decoding=\"async\" src=\"https:\/\/www.europesays.com\/lu-fr\/wp-content\/uploads\/2026\/05\/26PA6EGYANGK5M5ZZHLND3HT74.jpg\" width=\"768\" height=\"576\" alt=\"Le camion s'est retourn\u00e9 dans le talus. Photo : Groupe Jourdan.\" class=\"absolute inset-0 w-full\"\/>Le camion s&rsquo;est retourn\u00e9 dans le talus. Photo : Groupe Jourdan. \u00a9DRL&rsquo;insolite du jour : des castors bloquent la N89 \u00e0 Libramont<\/p>\n<p class=\"ap-StoryElement ap-StoryElement--mb ap-StoryText\">C&rsquo;est sans doute l&rsquo;intervention la plus surprenante de la matin\u00e9e pour les pompiers de Libramont. Appel\u00e9s ce mercredi vers 11h05 pour un obstacle sur la N89, au kilom\u00e8tre 37, les hommes du feu ont d\u00e9couvert une branche tomb\u00e9e depuis la berme centrale, obstruant la bande de gauche de la chauss\u00e9e.<\/p>\n<p class=\"ap-StoryElement ap-StoryElement--mb ap-StoryText\">Selon les premi\u00e8res constatations effectu\u00e9es sur place par les pompiers, la chute de cet arbre serait apparemment l&rsquo;\u0153uvre\u2026 de castors !<\/p>\n","protected":false},"excerpt":{"rendered":"Les routes de la r\u00e9gion perturb\u00e9es La circulation a \u00e9galement \u00e9t\u00e9 le th\u00e9\u00e2tre de plusieurs incidents, de nuit&hellip;\n","protected":false},"author":2,"featured_media":13089,"comment_status":"","ping_status":"","sticky":false,"template":"","format":"standard","meta":{"footnotes":"","_share_on_mastodon":"0"},"categories":[4],"tags":[114,672,718,258,5,312],"class_list":["post-13088","post","type-post","status-publish","format-standard","has-post-thumbnail","category-luxembourg","tag-arlon","tag-aubange","tag-etalle","tag-libramont-chevigny","tag-luxembourg","tag-virton"],"share_on_mastodon":{"url":"https:\/\/pubeurope.com\/@lu_fr\/116646382507944777","error":""},"_links":{"self":[{"href":"https:\/\/www.europesays.com\/lu-fr\/wp-json\/wp\/v2\/posts\/13088","targetHints":{"allow":["GET"]}}],"collection":[{"href":"https:\/\/www.europesays.com\/lu-fr\/wp-json\/wp\/v2\/posts"}],"about":[{"href":"https:\/\/www.europesays.com\/lu-fr\/wp-json\/wp\/v2\/types\/post"}],"author":[{"embeddable":true,"href":"https:\/\/www.europesays.com\/lu-fr\/wp-json\/wp\/v2\/users\/2"}],"replies":[{"embeddable":true,"href":"https:\/\/www.europesays.com\/lu-fr\/wp-json\/wp\/v2\/comments?post=13088"}],"version-history":[{"count":0,"href":"https:\/\/www.europesays.com\/lu-fr\/wp-json\/wp\/v2\/posts\/13088\/revisions"}],"wp:featuredmedia":[{"embeddable":true,"href":"https:\/\/www.europesays.com\/lu-fr\/wp-json\/wp\/v2\/media\/13089"}],"wp:attachment":[{"href":"https:\/\/www.europesays.com\/lu-fr\/wp-json\/wp\/v2\/media?parent=13088"}],"wp:term":[{"taxonomy":"category","embeddable":true,"href":"https:\/\/www.europesays.com\/lu-fr\/wp-json\/wp\/v2\/categories?post=13088"},{"taxonomy":"post_tag","embeddable":true,"href":"https:\/\/www.europesays.com\/lu-fr\/wp-json\/wp\/v2\/tags?post=13088"}],"curies":[{"name":"wp","href":"https:\/\/api.w.org\/{rel}","templated":true}]}}