{"id":13908,"date":"2026-06-04T16:12:06","date_gmt":"2026-06-04T16:12:06","guid":{"rendered":"https:\/\/www.europesays.com\/lu-fr\/13908\/"},"modified":"2026-06-04T16:12:06","modified_gmt":"2026-06-04T16:12:06","slug":"le-projet-de-series-pour-la-p2-et-la-p3-luxembourgeoises-est-sorti-champlon-et-florenville-en-2b-des-surprises-en-p3","status":"publish","type":"post","link":"https:\/\/www.europesays.com\/lu-fr\/13908\/","title":{"rendered":"Le projet de s\u00e9ries pour la P2 et la P3 luxembourgeoises est sorti: Champlon et Florenville en 2B, des surprises en P3"},"content":{"rendered":"<p class=\"ap-StoryElement ap-StoryElement--mb ap-StoryText\">PROVINCIALE 2A<\/p>\n<p class=\"ap-StoryElement ap-StoryElement--mb ap-StoryText\">Virton B, Messancy B, Halanzy, Aubange, Fouches, Meix-devant-Virton B, Saint-Mard A, Rossignol, Martelange, Nothomb-Post B, Habay-la-Vieille, Vance, Autelbas, G\u00e9rouville.<\/p>\n<p class=\"ap-StoryElement ap-StoryElement--mb ap-StoryText\">PROVINCIALE 2B<\/p>\n<p class=\"ap-StoryElement ap-StoryElement--mb ap-StoryText\">Bouillon A, L\u00e9glise, Libramont B, Champlon, Sainte-Ode A, Florenville B, Warmifontaine, Tellin, Neuvillers A, Grandvoir, Ochamps B, Saint-Pierre A, Bourcy, Bertrix A.<\/p>\n<p class=\"ap-StoryElement ap-StoryElement--mb ap-StoryText\">PROVINCIALE 2C<\/p>\n<p class=\"ap-StoryElement ap-StoryElement--mb ap-StoryText\">Houffaloise B, Sart, Lierneux, La Roche, Melreux-Hotton A, Mormont B, Marloie B, Halthier A, Izier, Vaux-Noville A, \u00c9rez\u00e9e-Amonines, Vecmont, Mageret, Bomal.<\/p>\n<p><img loading=\"lazy\" decoding=\"async\" class=\"w-full lazyload lazyload--opacity object-contain\" style=\"aspect-ratio:89 \/ 100;opacity:1\" alt=\"Le projet de s\u00e9ries en P2.\" width=\"768\" height=\"861\" fetchpriority=\"auto\" src=\"https:\/\/www.europesays.com\/lu-fr\/wp-content\/uploads\/2026\/06\/1780589524_645_S5VKD3X55FFF3BW6V4SEHXNP7I.png\"  data- data-optimumx=\"1\"\/><img loading=\"lazy\" decoding=\"async\" src=\"https:\/\/www.europesays.com\/lu-fr\/wp-content\/uploads\/2026\/06\/ED3DRTM5VVHL7MCGAL77DGKK5Y.jpg\" width=\"768\" height=\"861\" alt=\"Le projet de s\u00e9ries en P2.\" class=\"absolute inset-0 w-full\"\/>Le projet de s\u00e9ries en P2. \u00a9EdAProvinciale 3<\/p>\n<p class=\"ap-StoryElement ap-StoryElement--mb ap-StoryText\">En P3, pas mal de surprises. La premi\u00e8re, c&rsquo;est l&rsquo;apparition de Musson en P3A. Giuliano Lentini, le CQ de Musson, nous assurait pourtant la semaine derni\u00e8re que son club n&rsquo;inscrirait pas d&rsquo;\u00e9quipe cette saison. Si l&rsquo;absence de Musson se confirme, il ne restera que douze \u00e9quipes dans la s\u00e9rie, ce qui pousserait \u00c9talle et\/ou Sainte-Marie-sur-Semois \u00e0 quitter la s\u00e9rie B pour la s\u00e9rie A.<\/p>\n<p class=\"ap-StoryElement ap-StoryElement--mb ap-StoryText\">Plus haut sur la carte, Corbion et Bouillon B sont vers\u00e9s en P3B, tandis que les clubs bertrigeois (Bertrix B et Orgeo) \u00e9volueront en P3C. Petitvoir (P3C), lui, est s\u00e9par\u00e9 des clubs de sa commune, Longlier B et Namoussart, qui sont en P3B.<\/p>\n<p class=\"ap-StoryElement ap-StoryElement--mb ap-StoryText\">Cobreville est, lui aussi, priv\u00e9 de ses derbys communaux contre Sibret et Chaumont. Les Mauves se retrouvent \u00e0 la surprise g\u00e9n\u00e9rale en P3C, tout comme Witry. Les Cobrevillois vont demander \u00e0 retrouver la P3D et ils pourront solliciter un \u00e9change avec Saint-Hubert, Bure ou Nassogne, qui sont vers\u00e9s en P3D mais pourraient pr\u00e9f\u00e9rer la P3C.<\/p>\n<p class=\"ap-StoryElement ap-StoryElement--mb ap-StoryText\">Dans le Nord, pas de surprise. On se demandait qui de Montleban ou de Nassogne allait compl\u00e9ter la s\u00e9rie E, c&rsquo;est Montleban qui a \u00e9t\u00e9 choisi.<\/p>\n<p class=\"ap-StoryElement ap-StoryElement--mb ap-StoryText\">PROVINCIALE 3A<\/p>\n<p class=\"ap-StoryElement ap-StoryElement--mb ap-StoryText\">Athus, Freylange, Saint-Mard B, Saint-L\u00e9ger, Tontelange, Signeulx, Rachecourt, Ch\u00e2tillon, Meix-le-Tige, Toernich, Waltzing, Musson, Ethe-Belmont.<\/p>\n<p class=\"ap-StoryElement ap-StoryElement--mb ap-StoryText\">PROVINCIALE 3B<\/p>\n<p class=\"ap-StoryElement ap-StoryElement--mb ap-StoryText\">Bouillon B, Muno, Marbehan, Les Bulles, Longlier B, Tintifontaine, Corbion, Sainte-Marie-sur-Semois, Villers-devant-Orval, Jamoigne-Chiny, Namoussart, \u00c9talle, Assenois B, Sainte-C\u00e9cile.<\/p>\n<p class=\"ap-StoryElement ap-StoryElement--mb ap-StoryText\">PROVINCIALE 3C<\/p>\n<p class=\"ap-StoryElement ap-StoryElement--mb ap-StoryText\">Orgeo, Libin B, Neuvillers B, Sainte-Marie-Wideumont, Witry, Cobreville, Paliseul, Haut-Fays, Fays-les-Veneurs, Bras, Wellin, Saint-Pierre B, Petitvoir, Bertrix B.<\/p>\n<p class=\"ap-StoryElement ap-StoryElement--mb ap-StoryText\">PROVINCIALE 3D<\/p>\n<p class=\"ap-StoryElement ap-StoryElement--mb ap-StoryText\">Bastogne B, Sainte-Ode B, Nassogne, Saint-Hubert, Compogne, Givry, Petit-Han B, Vaux-Noville B, Sibret, Tenneville, Tavigny, Chaumont, Bure.<\/p>\n<p class=\"ap-StoryElement ap-StoryElement--mb ap-StoryText\">PROVINCIALE 3E<\/p>\n<p class=\"ap-StoryElement ap-StoryElement--mb ap-StoryText\">Salm, Aye B, Melreux-Hotton B, Harre-Manhay B, Houmart, Rendeux, Halthier B, Odeigne, Roy B, Petit-Han A, Heyd, Waha-Marche, Montleban.<\/p>\n<p><img loading=\"lazy\" decoding=\"async\" class=\"w-full lazyload lazyload--opacity object-contain\" style=\"aspect-ratio:78 \/ 100;opacity:1\" alt=\"Le projet de s\u00e9ries en P3.\" width=\"768\" height=\"990\" fetchpriority=\"auto\" src=\"https:\/\/www.europesays.com\/lu-fr\/wp-content\/uploads\/2026\/06\/1780589524_645_S5VKD3X55FFF3BW6V4SEHXNP7I.png\"  data- data-optimumx=\"1\"\/><img loading=\"lazy\" decoding=\"async\" src=\"https:\/\/www.europesays.com\/lu-fr\/wp-content\/uploads\/2026\/06\/YOFFNUJUIVCK3NG4Q6EOTN4XEA.jpg\" width=\"768\" height=\"990\" alt=\"Le projet de s\u00e9ries en P3.\" class=\"absolute inset-0 w-full\"\/>Le projet de s\u00e9ries en P3. \u00a9EdA<br \/>DEMANDES DE MODIFICATION DE S\u00c9RIE<\/p>\n<p class=\"ap-StoryElement ap-StoryElement--mb ap-StoryText\">Les clubs qui souhaitent permuter devront envoyer l&rsquo;accord des deux clubs au secr\u00e9tariat du Bureau Provincial (competitions@ffa.be) pour le dimanche 7 juin 2026 au plus tard. Toute contestation doit \u00eatre motiv\u00e9e et envoy\u00e9e \u00e9galement pour le dimanche 7 juin 2026. Les clubs devront alors se pr\u00e9senter devant le Bureau Provincial le mardi 9 juin 2026 \u00e0 18h30.<\/p>\n","protected":false},"excerpt":{"rendered":"PROVINCIALE 2A Virton B, Messancy B, Halanzy, Aubange, Fouches, Meix-devant-Virton B, Saint-Mard A, Rossignol, Martelange, Nothomb-Post B, Habay-la-Vieille,&hellip;\n","protected":false},"author":2,"featured_media":13909,"comment_status":"","ping_status":"","sticky":false,"template":"","format":"standard","meta":{"footnotes":"","_share_on_mastodon":"0"},"categories":[4],"tags":[114,672,1836,547,795,5],"class_list":["post-13908","post","type-post","status-publish","format-standard","has-post-thumbnail","category-luxembourg","tag-arlon","tag-aubange","tag-chaumont-gistoux","tag-gouvy","tag-habay","tag-luxembourg"],"share_on_mastodon":{"url":"https:\/\/pubeurope.com\/@lu_fr\/116692723149770410","error":""},"_links":{"self":[{"href":"https:\/\/www.europesays.com\/lu-fr\/wp-json\/wp\/v2\/posts\/13908","targetHints":{"allow":["GET"]}}],"collection":[{"href":"https:\/\/www.europesays.com\/lu-fr\/wp-json\/wp\/v2\/posts"}],"about":[{"href":"https:\/\/www.europesays.com\/lu-fr\/wp-json\/wp\/v2\/types\/post"}],"author":[{"embeddable":true,"href":"https:\/\/www.europesays.com\/lu-fr\/wp-json\/wp\/v2\/users\/2"}],"replies":[{"embeddable":true,"href":"https:\/\/www.europesays.com\/lu-fr\/wp-json\/wp\/v2\/comments?post=13908"}],"version-history":[{"count":0,"href":"https:\/\/www.europesays.com\/lu-fr\/wp-json\/wp\/v2\/posts\/13908\/revisions"}],"wp:featuredmedia":[{"embeddable":true,"href":"https:\/\/www.europesays.com\/lu-fr\/wp-json\/wp\/v2\/media\/13909"}],"wp:attachment":[{"href":"https:\/\/www.europesays.com\/lu-fr\/wp-json\/wp\/v2\/media?parent=13908"}],"wp:term":[{"taxonomy":"category","embeddable":true,"href":"https:\/\/www.europesays.com\/lu-fr\/wp-json\/wp\/v2\/categories?post=13908"},{"taxonomy":"post_tag","embeddable":true,"href":"https:\/\/www.europesays.com\/lu-fr\/wp-json\/wp\/v2\/tags?post=13908"}],"curies":[{"name":"wp","href":"https:\/\/api.w.org\/{rel}","templated":true}]}}