{"id":13970,"date":"2026-06-05T09:05:13","date_gmt":"2026-06-05T09:05:13","guid":{"rendered":"https:\/\/www.europesays.com\/lu-fr\/13970\/"},"modified":"2026-06-05T09:05:13","modified_gmt":"2026-06-05T09:05:13","slug":"un-nouveau-club-et-des-buts-face-au-luxembourg-lobjectif-de-tessa-wullaert","status":"publish","type":"post","link":"https:\/\/www.europesays.com\/lu-fr\/13970\/","title":{"rendered":"Un nouveau club et des buts face au Luxembourg: l&rsquo;objectif de Tessa Wullaert"},"content":{"rendered":"<p class=\"ap-StoryElement ap-StoryElement--mb ap-StoryText\">Ce vendredi, on s&rsquo;attend \u00e0 ce que son compteur national se r\u00e9enclenche face \u00e0 une nation point\u00e9e \u00e0 la 115e place mondiale. Ensuite, elle cherchera, \u00e0 33 ans, un nouveau club car \u00ab\u00a0TW9\u00a0\u00bb a d\u00e9cid\u00e9 de ne pas prolonger \u00e0 Milan. Elle se confie.<\/p>\n<p>guillement<\/p>\n<p class=\"ap-StoryQuote-text\">En Italie, ils ont professionnalis\u00e9 les joueuses mais rien n&rsquo;a \u00e9volu\u00e9 pour les terrains, les infrastructures&#8230; <\/p>\n<p><a href=\"https:\/\/www.dhnet.be\/sports\/2026\/04\/19\/on-na-pas-perdu-et-cest-le-plus-important-les-red-flames-restaient-positives-malgre-le-26-face-a-lecosse-en-qualifications-pour-le-mondial-2027-4RKHRJVUHZB23DFFKVAMLCBOZI\/\" target=\"_self\" class=\"ap-StoryInterstitialLink ap-StoryElement ap-StoryElement--mb\" rel=\"nofollow noopener\">\u00ab\u00a0On n&rsquo;a pas perdu et c&rsquo;est le plus important\u00a0\u00bb : les Red Flames restaient positives malgr\u00e9 le 2\/6 face \u00e0 l&rsquo;\u00c9cosse en qualifications pour le Mondial 2027<\/a><\/p>\n<p class=\"ap-StoryElement ap-StoryElement--mb ap-StoryText\">Tessa, vous avez d\u00e9j\u00e0 marqu\u00e9 un <a href=\"https:\/\/www.dhnet.be\/sports\/football\/redflames\/2026\/03\/08\/un-quintuple-six-triples-les-chiffres-fous-de-tessa-wullaert-qui-est-la-premiere-belge-a-atteindre-les-100-buts-en-equipe-nationale-Q3LSQRQA6VAYTKRLXYQK5BGG7M\/\" target=\"_self\" rel=\"nofollow noopener\">quintupl\u00e9, face \u00e0 l&rsquo;Arm\u00e9nie en novembre 2021<\/a>. Comme la Belgique a besoin de buts cette semaine, vous esp\u00e9rez inscrire votre premier sextupl\u00e9 en \u00e9quipe nationale ?<\/p>\n<p class=\"ap-StoryElement ap-StoryElement--mb ap-StoryText\">Non, je ne me concentre pas l\u00e0-dessus. Le plus important est de gagner et on le sait. Si tu as la possession et la confiance, nous avons aussi des joueuses qui peuvent faire la diff\u00e9rence. Nous aurons beaucoup d&rsquo;opportunit\u00e9s. Mon travail consiste effectivement \u00e0 les concr\u00e9tiser. Je dois me concentrer sur \u00e7a plus que sur le nombre de buts que je dois inscrire.<\/p>\n<p class=\"ap-StoryElement ap-StoryElement--mb ap-StoryText\">Cela reste un beau d\u00e9fi pour vous.<\/p>\n<p class=\"ap-StoryElement ap-StoryElement--mb ap-StoryText\">Oui, cela fait longtemps qu&rsquo;on n&rsquo;en a pas eu un comme \u00e7a. Mais l&rsquo;\u00e9quipe est pr\u00eate. J&rsquo;ai eu deux semaines de vacances. Maintenant, je suis impatiente de les jouer.<\/p>\n<p><a href=\"https:\/\/www.dhnet.be\/sports\/football\/diablesrouges\/2026\/06\/01\/diables-rouges-red-flames-vont-se-croiser-a-tubize-cette-semaine-comment-sorganise-la-cohabitation-entre-les-deux-equipes-nationales-AGT7WKJOS5GQFAZTZVDX6RXVDU\/\" target=\"_self\" class=\"ap-StoryInterstitialLink ap-StoryElement ap-StoryElement--mb\" rel=\"nofollow noopener\">Diables rouges \u2013 Red Flames vont se croiser \u00e0 Tubize cette semaine : comment s&rsquo;organise la cohabitation entre les deux \u00e9quipes nationales ?<\/a><\/p>\n<p class=\"ap-StoryElement ap-StoryElement--mb ap-StoryText\">Cet \u00e9t\u00e9 signifie, pour vous, un changement de club. C&rsquo;est votre d\u00e9cision de ne pas aller plus loin avec l&rsquo;Inter. Pourquoi ne pas avoir voulu prolonger ?<\/p>\n<p class=\"ap-StoryElement ap-StoryElement--mb ap-StoryText\">Je pense qu&rsquo;il y a encore beaucoup de travail en Italie. C&rsquo;\u00e9tait, pour moi, un grand d\u00e9fi dans une ligue que je ne connaissais pas. Les stades, les infrastructures, les terrains\u2026 c&rsquo;est comme si le temps s&rsquo;\u00e9tait arr\u00eat\u00e9 un peu. Il y a quelques ann\u00e9es, les joueuses sont pass\u00e9es professionnelles mais rien n&rsquo;a \u00e9volu\u00e9 depuis. Je suis malgr\u00e9 tout contente d&rsquo;avoir tent\u00e9 cette aventure. J&rsquo;ai beaucoup appris.<\/p>\n<p><img loading=\"lazy\" decoding=\"async\" class=\"w-full lazyload lazyload--opacity object-contain\" style=\"aspect-ratio:150 \/ 100;opacity:1\" alt=\"Tessa Wullaert esp\u00e8re voir son club remporter la Ligue des Champions.\" width=\"768\" height=\"512\" fetchpriority=\"auto\" src=\"https:\/\/www.europesays.com\/lu-fr\/wp-content\/uploads\/2026\/06\/1780650312_592_S5VKD3X55FFF3BW6V4SEHXNP7I.png\"  data- data-optimumx=\"1\"\/><img loading=\"lazy\" decoding=\"async\" src=\"https:\/\/www.europesays.com\/lu-fr\/wp-content\/uploads\/2026\/06\/ROUOSC5PENBPFCWI5G6YTXE6WA.jpg\" width=\"768\" height=\"512\" alt=\"Tessa Wullaert esp\u00e8re voir son club remporter la Ligue des Champions.\" class=\"absolute inset-0 w-full\"\/>Tessa Wullaert a marqu\u00e9 la saison de son empreinte \u00e0 Milan et en Serie A.  \u00a9IMAGO\/Gribaudi\/ImagePhoto<\/p>\n<p class=\"ap-StoryElement ap-StoryElement--mb ap-StoryText\">\u00catre sans club ne vous stresse pas ?<\/p>\n<p class=\"ap-StoryElement ap-StoryElement--mb ap-StoryText\">C&rsquo;est le boulot de mon manager. Le mien est de me concentrer sur le terrain.<\/p>\n<p class=\"ap-StoryElement ap-StoryElement--mb ap-StoryText\">Votre \u00e2ge peut \u00eatre un frein pour convaincre un nouveau club ? Ou au contraire, ce que vous avez r\u00e9alis\u00e9 peut \u00eatre un atout ?<\/p>\n<p class=\"ap-StoryElement ap-StoryElement--mb ap-StoryText\">Un mix des deux, je pense. L&rsquo;\u00e2ge \u00e9videmment est-l\u00e0 m\u00eame si je ne sens pas avoir 33 ans. Je suis contente d&rsquo;avoir pu montrer que je reste en bonne forme. Maintenant, c&rsquo;est le boulot de mon manager de me trouver un nouveau d\u00e9fi. En tout cas, j&rsquo;ai toujours beaucoup d&rsquo;ambition et d&rsquo;\u00e9nergie \u00e0 revendre.<\/p>\n<p>guillement<\/p>\n<p class=\"ap-StoryQuote-text\">Je resterai probablement en Europe.<\/p>\n<p class=\"ap-StoryElement ap-StoryElement--mb ap-StoryText\">Quand on regarde un peu en arri\u00e8re, votre arriv\u00e9e en Italie il y a deux ans n&rsquo;a pas \u00e9t\u00e9 facile. Comment avez-vous r\u00e9ussi \u00e0 devenir cet \u00e9l\u00e9ment cl\u00e9 de l&rsquo;Inter ?<\/p>\n<p><a href=\"https:\/\/www.dhnet.be\/sports\/football\/redflames\/2024\/10\/25\/la-nouvelle-vie-de-tessa-wullaert-en-italie-tactiquement-et-techniquement-cest-different-TUPCTK47GBA63IOVD2G6MH55UM\/\" target=\"_self\" class=\"ap-StoryInterstitialLink ap-StoryElement ap-StoryElement--mb\" rel=\"nofollow noopener\">La nouvelle vie de Tessa Wullaert en Italie : \u00ab\u00a0Tactiquement et techniquement, c&rsquo;est diff\u00e9rent\u00a0\u00bb<\/a><\/p>\n<p class=\"ap-StoryElement ap-StoryElement--mb ap-StoryText\">D\u00e9couvrir un nouveau club dans un nouveau championnat reste toujours difficile. J&rsquo;ai toujours besoin d&rsquo;un petit temps d&rsquo;adaptation. Et puis, comme je l&rsquo;ai dit, les terrains n&rsquo;\u00e9taient pas des meilleurs. J&rsquo;ai lu une interview de Kevin De Bruyne o\u00f9 il disait que jouer en Italie n&rsquo;\u00e9tait pas le plus facile. On a beaucoup de un contre un, de d\u00e9fense et d&rsquo;attaque. L\u00e0-bas, un but et le match s&rsquo;arr\u00eate. En tant qu&rsquo;attaquante, c&rsquo;est vraiment difficile. Mais j&rsquo;ai appris que je devais aussi d\u00e9fendre pour moi-m\u00eame. J&rsquo;ai aussi beaucoup parl\u00e9 avec mes \u00e9quipi\u00e8res pour qu&rsquo;elles me mettent en position pour marquer. J&rsquo;ai aussi d\u00fb gagner leur confiance pour qu&rsquo;on me laisse les penaltys. J&rsquo;aurais pr\u00e9f\u00e9r\u00e9 \u00eatre championne qu&rsquo;\u00eatre meilleure buteuse mais je pense que je les laisse au bon endroit.<\/p>\n<p><a href=\"https:\/\/www.dhnet.be\/sports\/football\/diablesrouges\/2026\/05\/31\/je-ne-vais-pas-tourner-autour-du-pot-kevin-de-bruyne-jette-un-sacre-froid-sur-son-avenir-a-naples-et-egratigne-antonio-conte-6XQVBWPNG5DJ3GI6QEZBUXFM7E\/\" target=\"_self\" class=\"ap-StoryInterstitialLink ap-StoryElement ap-StoryElement--mb\" rel=\"nofollow noopener\">\u00ab\u00a0Je ne vais pas tourner autour du pot\u00a0\u00bb : Kevin De Bruyne jette un sacr\u00e9 froid sur son avenir \u00e0 Naples et \u00e9gratigne Antonio Conte<\/a><\/p>\n<p class=\"ap-StoryElement ap-StoryElement--mb ap-StoryText\">Apr\u00e8s l&rsquo;Inter, Sittard, Wolfsburg, City et Anderlecht, quel d\u00e9fi cherchez-vous maintenant ? Rejoindre un club qualifi\u00e9 pour la Champions League ? Un championnat o\u00f9 vous n&rsquo;avez pas encore jou\u00e9 ?<\/p>\n<p class=\"ap-StoryElement ap-StoryElement--mb ap-StoryText\">Si je peux choisir, je veux aller dans une \u00e9quipe qui joue la Champions League. J&rsquo;ai toujours de l&rsquo;ambition et je suis toujours pr\u00eate \u00e0 briser un autre record en marquant. Le nouveau d\u00e9fi sera certainement dans un nouveau championnat. Je n&rsquo;ai jamais jou\u00e9 en France et en Espagne. Qui sait, tout est possible. Je vais, en tout cas, probablement rester en Europe.<\/p>\n<p>Ligue des nations<\/p>\n<p class=\"ap-StoryElement ap-StoryElement--mb ap-StoryText\">Groupe B4<\/p>\n<p class=\"ap-StoryElement ap-StoryElement--mb ap-StoryText\">Matchs 5 \u2013 Vendredi<\/p>\n<p class=\"ap-StoryElement ap-StoryElement--mb ap-StoryText\">Ecosse \u2013 Isra\u00ebl 18 h ; Belgique \u2013 Luxembourg 20 h 15.<\/p>\n<p class=\"ap-StoryElement ap-StoryElement--mb ap-StoryText\">Matchs 6 \u2013 Mardi 19h<\/p>\n<p class=\"ap-StoryElement ap-StoryElement--mb ap-StoryText\">Luxembourg \u2013 Belgique ; Isra\u00ebl \u2013 \u00c9cosse.<\/p>\n<p class=\"ap-StoryElement ap-StoryElement--mb ap-StoryText\">D\u00e9j\u00e0 jou\u00e9s<\/p>\n<p class=\"ap-StoryElement ap-StoryElement--mb ap-StoryText\">Isra\u00ebl \u2013 Belgique 0-3 ; Belgique-Isra\u00ebl 5-0 ; \u00c9cosse \u2013 Belgique 1-1 ; Belgique \u2013 \u00c9cosse 0-0.<\/p>\n<p class=\"ap-StoryElement ap-StoryElement--mb ap-StoryText\">Classement<\/p>\n<p class=\"ap-StoryElement ap-StoryElement--mb ap-StoryText\">1. \u00c9cosse 8 pts (+ 12) ; 2. Belgique 8 (+ 8) ; 3. Isra\u00ebl 6 ; 4. Luxembourg 0.<\/p>\n<p class=\"ap-StoryElement ap-StoryElement--mb ap-StoryText\">Le vainqueur du groupe va en Ligue A. Le Luxembourg est rel\u00e9gu\u00e9 en Ligue C. Cette campagne de Ligue des nations sert de qualifications pour la Coupe du monde. La Belgique jouera d&rsquo;office les barrages en octobre o\u00f9 elle affrontera un adversaire de Ligue B ou de Ligue A.<\/p>\n","protected":false},"excerpt":{"rendered":"Ce vendredi, on s&rsquo;attend \u00e0 ce que son compteur national se r\u00e9enclenche face \u00e0 une nation point\u00e9e \u00e0&hellip;\n","protected":false},"author":2,"featured_media":13971,"comment_status":"","ping_status":"","sticky":false,"template":"","format":"standard","meta":{"footnotes":"","_share_on_mastodon":"0"},"categories":[4],"tags":[23,3228,3229,3230,3231,3232,3233,3146,3234,3235,3236,3237,5,3238,3239,3240,43,3241,3242],"class_list":["post-13970","post","type-post","status-publish","format-standard","has-post-thumbnail","category-luxembourg","tag-23","tag-abbild","tag-celebrate","tag-championship","tag-daniele","tag-ein","tag-esultanza","tag-fussball","tag-goal","tag-gol","tag-interwetten","tag-italy","tag-luxembourg","tag-mailand","tag-premiumd","tag-quer","tag-sport","tag-woman","tag-x0x"],"share_on_mastodon":{"url":"https:\/\/pubeurope.com\/@lu_fr\/116696706256464127","error":""},"_links":{"self":[{"href":"https:\/\/www.europesays.com\/lu-fr\/wp-json\/wp\/v2\/posts\/13970","targetHints":{"allow":["GET"]}}],"collection":[{"href":"https:\/\/www.europesays.com\/lu-fr\/wp-json\/wp\/v2\/posts"}],"about":[{"href":"https:\/\/www.europesays.com\/lu-fr\/wp-json\/wp\/v2\/types\/post"}],"author":[{"embeddable":true,"href":"https:\/\/www.europesays.com\/lu-fr\/wp-json\/wp\/v2\/users\/2"}],"replies":[{"embeddable":true,"href":"https:\/\/www.europesays.com\/lu-fr\/wp-json\/wp\/v2\/comments?post=13970"}],"version-history":[{"count":0,"href":"https:\/\/www.europesays.com\/lu-fr\/wp-json\/wp\/v2\/posts\/13970\/revisions"}],"wp:featuredmedia":[{"embeddable":true,"href":"https:\/\/www.europesays.com\/lu-fr\/wp-json\/wp\/v2\/media\/13971"}],"wp:attachment":[{"href":"https:\/\/www.europesays.com\/lu-fr\/wp-json\/wp\/v2\/media?parent=13970"}],"wp:term":[{"taxonomy":"category","embeddable":true,"href":"https:\/\/www.europesays.com\/lu-fr\/wp-json\/wp\/v2\/categories?post=13970"},{"taxonomy":"post_tag","embeddable":true,"href":"https:\/\/www.europesays.com\/lu-fr\/wp-json\/wp\/v2\/tags?post=13970"}],"curies":[{"name":"wp","href":"https:\/\/api.w.org\/{rel}","templated":true}]}}